{"id":1359,"date":"2023-06-19T14:54:14","date_gmt":"2023-06-19T14:54:14","guid":{"rendered":"https:\/\/elmercuriomanta.ec\/?p=1359"},"modified":"2023-06-19T14:54:14","modified_gmt":"2023-06-19T14:54:14","slug":"indignacion-y-tristeza-por-la-muerte-de-tres-ciclistas-en-la-via-a-la-costa","status":"publish","type":"post","link":"https:\/\/elmercuriomanta.ec\/index.php\/2023\/06\/19\/indignacion-y-tristeza-por-la-muerte-de-tres-ciclistas-en-la-via-a-la-costa\/","title":{"rendered":"Indignaci\u00f3n y tristeza por la muerte de tres ciclistas en la v\u00eda a la costa"},"content":{"rendered":"\n<figure class=\"wp-block-image aligncenter size-full is-resized\"><img fetchpriority=\"high\" decoding=\"async\" src=\"https:\/\/elmercuriomanta.ec\/wp-content\/uploads\/2023\/06\/image-99.png\" alt=\"\" class=\"wp-image-1360\" width=\"648\" height=\"425\" srcset=\"https:\/\/elmercuriomanta.ec\/wp-content\/uploads\/2023\/06\/image-99.png 441w, https:\/\/elmercuriomanta.ec\/wp-content\/uploads\/2023\/06\/image-99-300x197.png 300w\" sizes=\"(max-width: 648px) 100vw, 648px\" \/><figcaption class=\"wp-element-caption\">El alcalde del puerto principal, Aquiles \u00c1lvarez Henr\u00edquez, se solidariz\u00f3<br>con las familias de las v\u00edctimas.<\/figcaption><\/figure>\n\n\n\n<p>El siniestro registrado en la V\u00eda a la Costa la ma\u00f1ana de este domingo 18 de junio de 2023, conmocion\u00f3 a Guayaquil y las autoridades se solidarizaron con las familias de las tres v\u00edctimas, un abuelo de 60 a\u00f1os y sus nietos adolescentes, de 14 y 16.<\/p>\n\n\n\n<p>Seg\u00fan la gente que se encontraba en la zona, el conductor, en supuesto estado et\u00edlico, avanzaba en alta velocidad y rebasando a otros autos. Al parecer, primero choc\u00f3 contra una camioneta y en ese momento perdi\u00f3 pista hasta arrollar a los ciclistas, quienes estaban sentados esperando que abran un taller de bicicletas.<\/p>\n\n\n\n<p>Tras el incidente, un agente de tr\u00e1nsito aprehendi\u00f3 al chofer con la ayuda de transe\u00fantes del sector. La gente grab\u00f3 con sus tel\u00e9fonos celulares al conductor y el momento que lo apresaron. El alcalde del puerto principal, Aquiles \u00c1lvarez Henriques, se solidariz\u00f3n con las v\u00edctimas en un mensaje publicado en Twitter.<\/p>\n\n\n\n<p>\u00abQue Dios tenga en su gloria al abuelo y sus nietos\u00bb. Los ciclistas porte\u00f1os tambi\u00e9n se quejaron de que no cuentan con seguridades. \u00abTres personas que hoy se levantaron a pedalear, en la ciclov\u00eda, murieron por un conductor irresponsable que se volc\u00f3. Los ciclistas no solo necesitamos v\u00edas, necesitamos que hagan cumplir la ley de tr\u00e1nsito y ciudadanos que entiendan que la v\u00eda es de todos\u00bb, escribi\u00f3 Jessica Zambrano en Twitter.<\/p>\n","protected":false},"excerpt":{"rendered":"<p>El siniestro registrado en la V\u00eda a la Costa la ma\u00f1ana de este domingo 18 de junio de 2023, conmocion\u00f3 a Guayaquil y las autoridades se solidarizaron con las familias de las tres v\u00edctimas, un abuelo de 60 a\u00f1os y sus nietos adolescentes, de 14 y 16. Seg\u00fan la gente que se encontraba en la [&hellip;]<\/p>\n","protected":false},"author":12,"featured_media":1360,"comment_status":"open","ping_status":"open","sticky":false,"template":"","format":"standard","meta":{"footnotes":""},"categories":[16],"tags":[],"class_list":["post-1359","post","type-post","status-publish","format-standard","has-post-thumbnail","hentry","category-cronica"],"_links":{"self":[{"href":"https:\/\/elmercuriomanta.ec\/index.php\/wp-json\/wp\/v2\/posts\/1359","targetHints":{"allow":["GET"]}}],"collection":[{"href":"https:\/\/elmercuriomanta.ec\/index.php\/wp-json\/wp\/v2\/posts"}],"about":[{"href":"https:\/\/elmercuriomanta.ec\/index.php\/wp-json\/wp\/v2\/types\/post"}],"author":[{"embeddable":true,"href":"https:\/\/elmercuriomanta.ec\/index.php\/wp-json\/wp\/v2\/users\/12"}],"replies":[{"embeddable":true,"href":"https:\/\/elmercuriomanta.ec\/index.php\/wp-json\/wp\/v2\/comments?post=1359"}],"version-history":[{"count":0,"href":"https:\/\/elmercuriomanta.ec\/index.php\/wp-json\/wp\/v2\/posts\/1359\/revisions"}],"wp:featuredmedia":[{"embeddable":true,"href":"https:\/\/elmercuriomanta.ec\/index.php\/wp-json\/wp\/v2\/media\/1360"}],"wp:attachment":[{"href":"https:\/\/elmercuriomanta.ec\/index.php\/wp-json\/wp\/v2\/media?parent=1359"}],"wp:term":[{"taxonomy":"category","embeddable":true,"href":"https:\/\/elmercuriomanta.ec\/index.php\/wp-json\/wp\/v2\/categories?post=1359"},{"taxonomy":"post_tag","embeddable":true,"href":"https:\/\/elmercuriomanta.ec\/index.php\/wp-json\/wp\/v2\/tags?post=1359"}],"curies":[{"name":"wp","href":"https:\/\/api.w.org\/{rel}","templated":true}]}}