{"id":13489,"date":"2024-01-20T10:30:02","date_gmt":"2024-01-20T15:30:02","guid":{"rendered":"https:\/\/elmercuriomanta.ec\/?p=13489"},"modified":"2024-01-20T10:30:04","modified_gmt":"2024-01-20T15:30:04","slug":"la-familia-de-alias-fito-fue-liberada-de-la-base-aerea-de-la-fae","status":"publish","type":"post","link":"https:\/\/elmercuriomanta.ec\/index.php\/2024\/01\/20\/la-familia-de-alias-fito-fue-liberada-de-la-base-aerea-de-la-fae\/","title":{"rendered":"La familia de alias Fito fue liberada de la Base A\u00e9rea de la FAE"},"content":{"rendered":"\n<figure class=\"wp-block-image aligncenter size-full is-resized\"><img fetchpriority=\"high\" decoding=\"async\" width=\"300\" height=\"168\" src=\"https:\/\/elmercuriomanta.ec\/wp-content\/uploads\/2024\/01\/image-265.png\" alt=\"\" class=\"wp-image-13491\" style=\"width:357px;height:auto\"\/><\/figure>\n\n\n\n<figure class=\"wp-block-image aligncenter size-full is-resized\"><img decoding=\"async\" width=\"290\" height=\"174\" src=\"https:\/\/elmercuriomanta.ec\/wp-content\/uploads\/2024\/01\/image-264.png\" alt=\"\" class=\"wp-image-13490\" style=\"width:390px;height:auto\"\/><\/figure>\n\n\n\n<p>La familia y los allegados de alias Fito, que llegaron a las 09:30 este viernes a Guayaquil, tras ser expulsados de C\u00f3rdoba, Argentina, fueron liberados esta tarde. As\u00ed lo indic\u00f3 M\u00f3nica Palencia, ministra de Gobierno, a medios de comunicaci\u00f3n. La partida de Inda Pe\u00f1arrieta y sus tres hijos, se habr\u00eda producido alrededor de las 17:30, cuando salieron varios carros blancos, con vidrios oscuros y algunos de ellos sin placas, a las 17:30 de la base Sim\u00f3n Bol\u00edvar de la FAE, donde estaban retenidos. En esos veh\u00edculos se observ\u00f3 algunas maletas y varias personas, una de ellas, que ten\u00eda tapado el rostro, se baj\u00f3 y se cambi\u00f3 de carro.<\/p>\n\n\n\n<p>Durante las horas que la familia Mac\u00edas Pe\u00f1arrieta estuvo en las instalaciones de la Fuerza A\u00e9rea Ecuatoriana, se blind\u00f3 la zona con un operativo por aire y tierra. Incluso el ministro de Defensa, Gian Carlo Loffredo, estuvo en el lugar, pero se fue tras media hora. Se bloqueo el paso vehicular y peatonal en el per\u00edmetro de este recinto militar. Decenas de elementos de la fuerza publica patrullaron la zona y pusieron puntos de control con camionetas y motos. Palencia ya hab\u00eda indicado horas antes que, seg\u00fan su conocimiento, ninguno de los adultos ten\u00edan un \u201cestado de detenci\u00f3n\u201d, y que fueron sacados de Argentina por cuestiones migratorias. Aunque en la ma\u00f1ana y tarde se reuni\u00f3 el Consejo de Seguridad P\u00fablica en la Gobernaci\u00f3n del Guayas, liderado por el presidente Daniel Noboa, junto a representantes del Legislativo y la Funci\u00f3n Judicial, no hubo declaraciones sobre los retornados a Ecuador.<\/p>\n","protected":false},"excerpt":{"rendered":"<p>La familia y los allegados de alias Fito, que llegaron a las 09:30 este viernes a Guayaquil, tras ser expulsados de C\u00f3rdoba, Argentina, fueron liberados esta tarde. As\u00ed lo indic\u00f3 M\u00f3nica Palencia, ministra de Gobierno, a medios de comunicaci\u00f3n. La partida de Inda Pe\u00f1arrieta y sus tres hijos, se habr\u00eda producido alrededor de las 17:30, cuando salieron varios carros blancos, con vidrios oscuros y algunos de ellos sin placas, a las 17:30 de la base Sim\u00f3n Bol\u00edvar de la FAE, donde estaban retenidos. En esos veh\u00edculos se observ\u00f3 algunas maletas y varias personas, una de ellas, que ten\u00eda tapado el rostro, se baj\u00f3 y se cambi\u00f3 de carro.<\/p>\n","protected":false},"author":1,"featured_media":13490,"comment_status":"open","ping_status":"open","sticky":false,"template":"","format":"standard","meta":{"footnotes":""},"categories":[20],"tags":[23],"class_list":["post-13489","post","type-post","status-publish","format-standard","has-post-thumbnail","hentry","category-portada-2","tag-ecuador"],"_links":{"self":[{"href":"https:\/\/elmercuriomanta.ec\/index.php\/wp-json\/wp\/v2\/posts\/13489","targetHints":{"allow":["GET"]}}],"collection":[{"href":"https:\/\/elmercuriomanta.ec\/index.php\/wp-json\/wp\/v2\/posts"}],"about":[{"href":"https:\/\/elmercuriomanta.ec\/index.php\/wp-json\/wp\/v2\/types\/post"}],"author":[{"embeddable":true,"href":"https:\/\/elmercuriomanta.ec\/index.php\/wp-json\/wp\/v2\/users\/1"}],"replies":[{"embeddable":true,"href":"https:\/\/elmercuriomanta.ec\/index.php\/wp-json\/wp\/v2\/comments?post=13489"}],"version-history":[{"count":1,"href":"https:\/\/elmercuriomanta.ec\/index.php\/wp-json\/wp\/v2\/posts\/13489\/revisions"}],"predecessor-version":[{"id":13492,"href":"https:\/\/elmercuriomanta.ec\/index.php\/wp-json\/wp\/v2\/posts\/13489\/revisions\/13492"}],"wp:featuredmedia":[{"embeddable":true,"href":"https:\/\/elmercuriomanta.ec\/index.php\/wp-json\/wp\/v2\/media\/13490"}],"wp:attachment":[{"href":"https:\/\/elmercuriomanta.ec\/index.php\/wp-json\/wp\/v2\/media?parent=13489"}],"wp:term":[{"taxonomy":"category","embeddable":true,"href":"https:\/\/elmercuriomanta.ec\/index.php\/wp-json\/wp\/v2\/categories?post=13489"},{"taxonomy":"post_tag","embeddable":true,"href":"https:\/\/elmercuriomanta.ec\/index.php\/wp-json\/wp\/v2\/tags?post=13489"}],"curies":[{"name":"wp","href":"https:\/\/api.w.org\/{rel}","templated":true}]}}