{"id":13402,"date":"2024-01-18T17:09:49","date_gmt":"2024-01-18T22:09:49","guid":{"rendered":"https:\/\/elmercuriomanta.ec\/?p=13402"},"modified":"2024-01-18T17:09:51","modified_gmt":"2024-01-18T22:09:51","slug":"policia-detiene-a-4-sujetos-presuntamente-implicados-en-asesinato-de-mujer-en-manta","status":"publish","type":"post","link":"https:\/\/elmercuriomanta.ec\/index.php\/2024\/01\/18\/policia-detiene-a-4-sujetos-presuntamente-implicados-en-asesinato-de-mujer-en-manta\/","title":{"rendered":"Polic\u00eda detiene a 4 sujetos presuntamente implicados en asesinato de mujer en Manta"},"content":{"rendered":"\n<figure class=\"wp-block-image aligncenter size-full is-resized\"><img fetchpriority=\"high\" decoding=\"async\" width=\"554\" height=\"390\" src=\"https:\/\/elmercuriomanta.ec\/wp-content\/uploads\/2024\/01\/WhatsApp-Image-2024-01-18-at-17.01.51.jpeg\" alt=\"\" class=\"wp-image-13403\" style=\"width:281px;height:auto\" srcset=\"https:\/\/elmercuriomanta.ec\/wp-content\/uploads\/2024\/01\/WhatsApp-Image-2024-01-18-at-17.01.51.jpeg 554w, https:\/\/elmercuriomanta.ec\/wp-content\/uploads\/2024\/01\/WhatsApp-Image-2024-01-18-at-17.01.51-300x211.jpeg 300w\" sizes=\"(max-width: 554px) 100vw, 554px\" \/><\/figure>\n\n\n\n<p>La Polic\u00eda Nacional en Manta, producto de intensas labores investigativas este mi\u00e9rcoles aprehendi\u00f3 a 3 hombres y 1 mujer vinculados presuntamente al asesinato de una persona de sexo femenino, hecho violento registrado el martes 16 de enero en horas de la tarde en el barrio Santa Martha, mientras la ahora occisa se movilizaba en un veh\u00edculo color negro.<\/p>\n\n\n\n<p>Gracias a labores b\u00e1sicas de inteligencia personal policial realiz\u00f3 la ruta t\u00e9cnica de la motocicleta utilizada para este hecho delictivo llegando hasta el sector Los Gavilanes en Manta, a un costado de la Urbanizaci\u00f3n Bar\u00fa, all\u00ed realizaron el allanamiento de un inmueble donde ubicaron un veh\u00edculo Kia, una motocicleta Pulsar, un casco y prendas de vestir de similares caracter\u00edsticas a las usadas por los autores de este hecho; en la vivienda tambi\u00e9n se encontr\u00f3 aproximadamente 1 kilo de marihuana.<\/p>\n\n\n\n<p>Agentes del eje investigativo continuando con las labores investigativas, este mi\u00e9rcoles realizaron un nuevo allanamiento en el sector Divino Ni\u00f1o, donde localizaron a dos sujetos de nacionalidad extranjera, quienes portaban dos pistolas tipo Glock, dentro de una maleta encontraron 4 granadas de uso militar y un arma de fuego. En este lugar fueron&nbsp; aprehendidos el propietario de la vivienda y una mujer quienes tendr\u00edan participaci\u00f3n en&nbsp; este hecho violento.<\/p>\n\n\n\n<p>Con la colaboraci\u00f3n de personal especializado del Grupo de Intervenci\u00f3n y Rescate GIR, se realiz\u00f3 el an\u00e1lisis y verificaci\u00f3n de las caracter\u00edsticas del material explosivo, para su control y posterior explosi\u00f3n controlada, bajo coordinaci\u00f3n de fiscal\u00eda y el juez de turno.<\/p>\n\n\n\n<p><strong>Aprehendidos:<\/strong><\/p>\n\n\n\n<ol class=\"wp-block-list\">\n<li>Jason Sadig P. F., de nacionalidad colombiana.<\/li>\n\n\n\n<li>Owen Smit C. B., de nacionalidad colombiana.<\/li>\n\n\n\n<li>Jos\u00e9 Ra\u00fal S. C., de nacionalidad ecuatoriana, no registra antecedentes.<\/li>\n\n\n\n<li>Grace Mileidy S. S., de nacionalidad ecuatoriana, no registra antecedentes.<\/li>\n<\/ol>\n\n\n\n<p><strong>Indicios:<\/strong><\/p>\n\n\n\n<ul class=\"wp-block-list\">\n<li>3 armas de fuego tipo pistola Glock.<\/li>\n\n\n\n<li>4 granadas de fabricaci\u00f3n militar tipo lim\u00f3n.&nbsp;<\/li>\n\n\n\n<li>7 terminales m\u00f3viles.&nbsp;<\/li>\n\n\n\n<li>6 vainas percutidas calibre 9mm.<\/li>\n\n\n\n<li>1 proyectil calibre 9mm.<\/li>\n\n\n\n<li>1 motocicleta.&nbsp;<\/li>\n\n\n\n<li>1 veh\u00edculo Kia Sportage, color rojo.<\/li>\n\n\n\n<li>1 casco de motocicleta.&nbsp;<\/li>\n\n\n\n<li>1 prenda de vestir.<\/li>\n\n\n\n<li>1 paquete con sustancia verdosa, presumiblemente marihuana.<\/li>\n<\/ul>\n\n\n\n<p>Los aprehendidos luego de la respectiva valoraci\u00f3n m\u00e9dica fueron puestos a \u00f3rdenes de la autoridad competente para que resuelva su situaci\u00f3n jur\u00eddica.<\/p>\n\n\n\n<p>Seg\u00fan informaci\u00f3n recabada la occisa tendr\u00eda nexos con miembros de una agrupaci\u00f3n terrorista por lo que presumiblemente fue victimada.<\/p>\n","protected":false},"excerpt":{"rendered":"<p>La Polic\u00eda Nacional en Manta, producto de intensas labores investigativas este mi\u00e9rcoles aprehendi\u00f3 a 3 hombres y 1 mujer vinculados presuntamente al asesinato de una persona de sexo femenino, hecho violento registrado el martes 16 de enero en horas de la tarde en el barrio Santa Martha, mientras la ahora occisa se movilizaba en un [&hellip;]<\/p>\n","protected":false},"author":1,"featured_media":0,"comment_status":"open","ping_status":"open","sticky":false,"template":"","format":"standard","meta":{"footnotes":""},"categories":[1],"tags":[],"class_list":["post-13402","post","type-post","status-publish","format-standard","hentry","category-uncategorized"],"_links":{"self":[{"href":"https:\/\/elmercuriomanta.ec\/index.php\/wp-json\/wp\/v2\/posts\/13402","targetHints":{"allow":["GET"]}}],"collection":[{"href":"https:\/\/elmercuriomanta.ec\/index.php\/wp-json\/wp\/v2\/posts"}],"about":[{"href":"https:\/\/elmercuriomanta.ec\/index.php\/wp-json\/wp\/v2\/types\/post"}],"author":[{"embeddable":true,"href":"https:\/\/elmercuriomanta.ec\/index.php\/wp-json\/wp\/v2\/users\/1"}],"replies":[{"embeddable":true,"href":"https:\/\/elmercuriomanta.ec\/index.php\/wp-json\/wp\/v2\/comments?post=13402"}],"version-history":[{"count":1,"href":"https:\/\/elmercuriomanta.ec\/index.php\/wp-json\/wp\/v2\/posts\/13402\/revisions"}],"predecessor-version":[{"id":13404,"href":"https:\/\/elmercuriomanta.ec\/index.php\/wp-json\/wp\/v2\/posts\/13402\/revisions\/13404"}],"wp:attachment":[{"href":"https:\/\/elmercuriomanta.ec\/index.php\/wp-json\/wp\/v2\/media?parent=13402"}],"wp:term":[{"taxonomy":"category","embeddable":true,"href":"https:\/\/elmercuriomanta.ec\/index.php\/wp-json\/wp\/v2\/categories?post=13402"},{"taxonomy":"post_tag","embeddable":true,"href":"https:\/\/elmercuriomanta.ec\/index.php\/wp-json\/wp\/v2\/tags?post=13402"}],"curies":[{"name":"wp","href":"https:\/\/api.w.org\/{rel}","templated":true}]}}