{"id":13195,"date":"2024-01-15T12:44:43","date_gmt":"2024-01-15T17:44:43","guid":{"rendered":"https:\/\/elmercuriomanta.ec\/?p=13195"},"modified":"2024-01-15T12:44:45","modified_gmt":"2024-01-15T17:44:45","slug":"esto-dijo-el-entrenador-del-inter-miami-sobre-leonardo-campana-y-luis-suarez","status":"publish","type":"post","link":"https:\/\/elmercuriomanta.ec\/index.php\/2024\/01\/15\/esto-dijo-el-entrenador-del-inter-miami-sobre-leonardo-campana-y-luis-suarez\/","title":{"rendered":"ESTO DIJO EL ENTRENADOR DEL INTER MIAMI SOBRE LEONARDO CAMPANA Y LUIS SU\u00c1REZ"},"content":{"rendered":"\n<figure class=\"wp-block-image aligncenter size-full is-resized\"><img fetchpriority=\"high\" decoding=\"async\" width=\"1003\" height=\"829\" src=\"https:\/\/elmercuriomanta.ec\/wp-content\/uploads\/2024\/01\/Doblete-de-Leonardo-Campana-en-su-retorno-a-las-canchas.webp\" alt=\"\" class=\"wp-image-13196\" style=\"width:346px;height:auto\" srcset=\"https:\/\/elmercuriomanta.ec\/wp-content\/uploads\/2024\/01\/Doblete-de-Leonardo-Campana-en-su-retorno-a-las-canchas.webp 1003w, https:\/\/elmercuriomanta.ec\/wp-content\/uploads\/2024\/01\/Doblete-de-Leonardo-Campana-en-su-retorno-a-las-canchas-300x248.webp 300w, https:\/\/elmercuriomanta.ec\/wp-content\/uploads\/2024\/01\/Doblete-de-Leonardo-Campana-en-su-retorno-a-las-canchas-768x635.webp 768w\" sizes=\"(max-width: 1003px) 100vw, 1003px\" \/><\/figure>\n\n\n\n<p>La pretemporada del Inter Miami arranc\u00f3 el s\u00e1bado 13 de enero bajo el mando del entrenador argentino, Gerardo Martino y con el reencuentro de Lionel Messi con Luis Su\u00e1rez, quien se suma a las garzas para esta nueva temporada. Sin embargo, con la llegada del delantero uruguayo peligra la titularidad del ecuatoriano Leonardo Campana, quien est\u00e1 cerca de convertirse en el goleador hist\u00f3rico del club norteamericano. Ante esta situaci\u00f3n, el entrenador del Inter Miami respondi\u00f3 en rueda de prensa: \u201cTenemos dos delanteros de alt\u00edsima calidad como Luis Su\u00e1rez y Leonardo Campana. Es posible que el equipo tenga posibilidades de tener a ambos en el campo al mismo tiempo\u201d. Para Su\u00e1rez, uno de los factores m\u00e1s determinantes para firmar con el Inter Miami fue la parte personal, tanto Messi como Alba y Busquets le hablaron maravillas de la ciudad y el club. \u201cCada uno tiene su vida y su familia, me hablaron muy bien, est\u00e1n muy contentos. A unos les cuesta m\u00e1s, a otros menos. Sergio era la primera vez que sal\u00eda y el cambio puede tener un poco de dificultad, pero hoy me dijo que los ni\u00f1os est\u00e1n bien, eso es importante\u201d, dijo el delantero uruguayo en rueda de prensa \u201cJordi tambi\u00e9n, despu\u00e9s de tantos a\u00f1os en Barcelona, un cambio muy grande, tres ni\u00f1os, es dif\u00edcil. Leo estaba m\u00e1s acostumbrado y yo estoy a\u00fan m\u00e1s acostumbrado que ellos por los cambios que he hecho. Les puedo aconsejar m\u00e1s yo que ellos a m\u00ed de lo que es la vida fuera\u201d, cont\u00f3. Este fue el primer entrenamiento de una temporada en la que el Inter Miami parte como principal favorito para ser campe\u00f3n de la MLS, as\u00ed como el resto de competiciones que afrontar\u00e1: Copa de Campeones de la Concacaf, US Open Cup y Leagues Cup.<\/p>\n","protected":false},"excerpt":{"rendered":"<p>La pretemporada del Inter Miami arranc\u00f3 el s\u00e1bado 13 de enero bajo el mando del entrenador argentino, Gerardo Martino y con el reencuentro de Lionel Messi con Luis Su\u00e1rez, quien se suma a las garzas para esta nueva temporada. <\/p>\n","protected":false},"author":1,"featured_media":13196,"comment_status":"open","ping_status":"open","sticky":false,"template":"","format":"standard","meta":{"footnotes":""},"categories":[1],"tags":[],"class_list":["post-13195","post","type-post","status-publish","format-standard","has-post-thumbnail","hentry","category-uncategorized"],"_links":{"self":[{"href":"https:\/\/elmercuriomanta.ec\/index.php\/wp-json\/wp\/v2\/posts\/13195","targetHints":{"allow":["GET"]}}],"collection":[{"href":"https:\/\/elmercuriomanta.ec\/index.php\/wp-json\/wp\/v2\/posts"}],"about":[{"href":"https:\/\/elmercuriomanta.ec\/index.php\/wp-json\/wp\/v2\/types\/post"}],"author":[{"embeddable":true,"href":"https:\/\/elmercuriomanta.ec\/index.php\/wp-json\/wp\/v2\/users\/1"}],"replies":[{"embeddable":true,"href":"https:\/\/elmercuriomanta.ec\/index.php\/wp-json\/wp\/v2\/comments?post=13195"}],"version-history":[{"count":1,"href":"https:\/\/elmercuriomanta.ec\/index.php\/wp-json\/wp\/v2\/posts\/13195\/revisions"}],"predecessor-version":[{"id":13197,"href":"https:\/\/elmercuriomanta.ec\/index.php\/wp-json\/wp\/v2\/posts\/13195\/revisions\/13197"}],"wp:featuredmedia":[{"embeddable":true,"href":"https:\/\/elmercuriomanta.ec\/index.php\/wp-json\/wp\/v2\/media\/13196"}],"wp:attachment":[{"href":"https:\/\/elmercuriomanta.ec\/index.php\/wp-json\/wp\/v2\/media?parent=13195"}],"wp:term":[{"taxonomy":"category","embeddable":true,"href":"https:\/\/elmercuriomanta.ec\/index.php\/wp-json\/wp\/v2\/categories?post=13195"},{"taxonomy":"post_tag","embeddable":true,"href":"https:\/\/elmercuriomanta.ec\/index.php\/wp-json\/wp\/v2\/tags?post=13195"}],"curies":[{"name":"wp","href":"https:\/\/api.w.org\/{rel}","templated":true}]}}