{"id":13106,"date":"2024-01-14T11:25:03","date_gmt":"2024-01-14T16:25:03","guid":{"rendered":"https:\/\/elmercuriomanta.ec\/?p=13106"},"modified":"2024-01-14T11:25:05","modified_gmt":"2024-01-14T16:25:05","slug":"se-eleva-a-33-el-numero-de-victimas-mortales-por-un-derrumbe-en-el-choco","status":"publish","type":"post","link":"https:\/\/elmercuriomanta.ec\/index.php\/2024\/01\/14\/se-eleva-a-33-el-numero-de-victimas-mortales-por-un-derrumbe-en-el-choco\/","title":{"rendered":"Se eleva a 33 el n\u00famero de v\u00edctimas mortales por un derrumbe en el Choc\u00f3"},"content":{"rendered":"\n<figure class=\"wp-block-image aligncenter size-full is-resized\"><img fetchpriority=\"high\" decoding=\"async\" width=\"290\" height=\"174\" src=\"https:\/\/elmercuriomanta.ec\/wp-content\/uploads\/2024\/01\/image-194.png\" alt=\"\" class=\"wp-image-13107\" style=\"width:450px;height:auto\"\/><\/figure>\n\n\n\n<p>La vicepresidenta de Colombia, Francia M\u00e1rquez, inform\u00f3 este s\u00e1bado que ascendi\u00f3 a 33 la cifra de personas muertas por dos derrumbes de tierra ocurridos el viernes en una carretera cerca de la localidad de El Carmen de Atrato, en el departamento del Choc\u00f3 (oeste). \u201cLamento profundamente el fallecimiento de 33 personas en esta tragedia, en su mayor\u00eda ni\u00f1as y ni\u00f1os, seg\u00fan informes preliminares desde el territorio. Toda nuestra solidaridad con el departamento del Choc\u00f3 y las familias de las v\u00edctimas\u201d, dijo M\u00e1rquez en su cuenta de X (antes Twitter).<\/p>\n\n\n\n<p>La vicepresidenta asegur\u00f3 que a\u00fan quedan personas atrapadas bajo el derrumbe en la v\u00eda Quibd\u00f3-Medell\u00edn y que contin\u00faan las acciones de b\u00fasqueda y rescate por parte de las Fuerzas Militares, Polic\u00eda, la Unidad Nacional de Gesti\u00f3n del Riesgo y el Desastre (UGRD), autoridades locales y bomberos y otros organismos de socorro. El derrumbe se produjo el viernes por la tarde y sepult\u00f3 a varios veh\u00edculos que estaban detenidos, al parecer por un alud que bloque\u00f3 previamente la carretera entre Medell\u00edn y Quibd\u00f3, la capital del Choc\u00f3. En un video grabado por testigos se observa una fila de veh\u00edculos detenidos en la carretera, a la espera de que se abriera el paso, cuando de repente la monta\u00f1a se viene abajo sepult\u00e1ndolos con sus ocupantes. Tambi\u00e9n hab\u00eda, seg\u00fan testigos citados por medios locales, medio centenar de personas que se encontraban refugi\u00e1ndose de la lluvia en una vivienda cuando lleg\u00f3 el alud.<\/p>\n","protected":false},"excerpt":{"rendered":"<p>La vicepresidenta de Colombia, Francia M\u00e1rquez, inform\u00f3 este s\u00e1bado que ascendi\u00f3 a 33 la cifra de personas muertas por dos derrumbes de tierra ocurridos el viernes en una carretera cerca de la localidad de El Carmen de Atrato, en el departamento del Choc\u00f3 (oeste). \u201cLamento profundamente el fallecimiento de 33 personas en esta tragedia, en su mayor\u00eda ni\u00f1as y ni\u00f1os, seg\u00fan informes preliminares desde el territorio. Toda nuestra solidaridad con el departamento del Choc\u00f3 y las familias de las v\u00edctimas\u201d, dijo M\u00e1rquez en su cuenta de X (antes Twitter).<\/p>\n","protected":false},"author":1,"featured_media":13107,"comment_status":"open","ping_status":"open","sticky":false,"template":"","format":"standard","meta":{"footnotes":""},"categories":[1],"tags":[23],"class_list":["post-13106","post","type-post","status-publish","format-standard","has-post-thumbnail","hentry","category-uncategorized","tag-ecuador"],"_links":{"self":[{"href":"https:\/\/elmercuriomanta.ec\/index.php\/wp-json\/wp\/v2\/posts\/13106","targetHints":{"allow":["GET"]}}],"collection":[{"href":"https:\/\/elmercuriomanta.ec\/index.php\/wp-json\/wp\/v2\/posts"}],"about":[{"href":"https:\/\/elmercuriomanta.ec\/index.php\/wp-json\/wp\/v2\/types\/post"}],"author":[{"embeddable":true,"href":"https:\/\/elmercuriomanta.ec\/index.php\/wp-json\/wp\/v2\/users\/1"}],"replies":[{"embeddable":true,"href":"https:\/\/elmercuriomanta.ec\/index.php\/wp-json\/wp\/v2\/comments?post=13106"}],"version-history":[{"count":1,"href":"https:\/\/elmercuriomanta.ec\/index.php\/wp-json\/wp\/v2\/posts\/13106\/revisions"}],"predecessor-version":[{"id":13108,"href":"https:\/\/elmercuriomanta.ec\/index.php\/wp-json\/wp\/v2\/posts\/13106\/revisions\/13108"}],"wp:featuredmedia":[{"embeddable":true,"href":"https:\/\/elmercuriomanta.ec\/index.php\/wp-json\/wp\/v2\/media\/13107"}],"wp:attachment":[{"href":"https:\/\/elmercuriomanta.ec\/index.php\/wp-json\/wp\/v2\/media?parent=13106"}],"wp:term":[{"taxonomy":"category","embeddable":true,"href":"https:\/\/elmercuriomanta.ec\/index.php\/wp-json\/wp\/v2\/categories?post=13106"},{"taxonomy":"post_tag","embeddable":true,"href":"https:\/\/elmercuriomanta.ec\/index.php\/wp-json\/wp\/v2\/tags?post=13106"}],"curies":[{"name":"wp","href":"https:\/\/api.w.org\/{rel}","templated":true}]}}