{"id":12897,"date":"2024-01-11T11:44:23","date_gmt":"2024-01-11T16:44:23","guid":{"rendered":"https:\/\/elmercuriomanta.ec\/?p=12897"},"modified":"2024-01-11T11:44:26","modified_gmt":"2024-01-11T16:44:26","slug":"esmeraldas-caos-en-la-carcel-de-varones","status":"publish","type":"post","link":"https:\/\/elmercuriomanta.ec\/index.php\/2024\/01\/11\/esmeraldas-caos-en-la-carcel-de-varones\/","title":{"rendered":"Esmeraldas: caos en la c\u00e1rcel de varones"},"content":{"rendered":"\n<figure class=\"wp-block-image aligncenter size-large is-resized\"><img fetchpriority=\"high\" decoding=\"async\" width=\"1024\" height=\"616\" src=\"https:\/\/elmercuriomanta.ec\/wp-content\/uploads\/2024\/01\/image-150-1024x616.png\" alt=\"\" class=\"wp-image-12899\" style=\"width:409px;height:auto\" srcset=\"https:\/\/elmercuriomanta.ec\/wp-content\/uploads\/2024\/01\/image-150-1024x616.png 1024w, https:\/\/elmercuriomanta.ec\/wp-content\/uploads\/2024\/01\/image-150-300x181.png 300w, https:\/\/elmercuriomanta.ec\/wp-content\/uploads\/2024\/01\/image-150-768x462.png 768w, https:\/\/elmercuriomanta.ec\/wp-content\/uploads\/2024\/01\/image-150.png 1170w\" sizes=\"(max-width: 1024px) 100vw, 1024px\" \/><\/figure>\n\n\n\n<p>En medio de la tranquilidad aparente del Barrio Lucha de los Pobres y \u00e1reas cercanas a la C\u00e1rcel de Varones, situada al sur del Cant\u00f3n Esmeraldas, la noche se vio interrumpida por el sonido de disparos provenientes del interior de la mencionada prisi\u00f3n.<\/p>\n\n\n\n<p>&nbsp;Residentes de la zona reportan haber escuchado detonaciones de armas de fuego, generando un clima de inquietud entre la comunidad. Las redes sociales r\u00e1pidamente se llenaron de testimonios de ciudadanos que especulan sobre un posible enfrentamiento entre militares y los reclusos.<\/p>\n\n\n\n<p>&nbsp;Hasta el momento, las autoridades policiales no han emitido un comunicado oficial para esclarecer la situaci\u00f3n. La falta de informaci\u00f3n ha incrementado la incertidumbre en la poblaci\u00f3n, que sigue atenta a posibles novedades sobre el incidente en la C\u00e1rcel de Esmeraldas.<\/p>\n","protected":false},"excerpt":{"rendered":"<p>En medio de la tranquilidad aparente del Barrio Lucha de los Pobres y \u00e1reas cercanas a la C\u00e1rcel de Varones, situada al sur del Cant\u00f3n Esmeraldas, la noche se vio interrumpida por el sonido de disparos provenientes del interior de la mencionada prisi\u00f3n.<\/p>\n","protected":false},"author":1,"featured_media":12899,"comment_status":"open","ping_status":"open","sticky":false,"template":"","format":"standard","meta":{"footnotes":""},"categories":[16,83,1],"tags":[23],"class_list":["post-12897","post","type-post","status-publish","format-standard","has-post-thumbnail","hentry","category-cronica","category-sucesos","category-uncategorized","tag-ecuador"],"_links":{"self":[{"href":"https:\/\/elmercuriomanta.ec\/index.php\/wp-json\/wp\/v2\/posts\/12897","targetHints":{"allow":["GET"]}}],"collection":[{"href":"https:\/\/elmercuriomanta.ec\/index.php\/wp-json\/wp\/v2\/posts"}],"about":[{"href":"https:\/\/elmercuriomanta.ec\/index.php\/wp-json\/wp\/v2\/types\/post"}],"author":[{"embeddable":true,"href":"https:\/\/elmercuriomanta.ec\/index.php\/wp-json\/wp\/v2\/users\/1"}],"replies":[{"embeddable":true,"href":"https:\/\/elmercuriomanta.ec\/index.php\/wp-json\/wp\/v2\/comments?post=12897"}],"version-history":[{"count":2,"href":"https:\/\/elmercuriomanta.ec\/index.php\/wp-json\/wp\/v2\/posts\/12897\/revisions"}],"predecessor-version":[{"id":12900,"href":"https:\/\/elmercuriomanta.ec\/index.php\/wp-json\/wp\/v2\/posts\/12897\/revisions\/12900"}],"wp:featuredmedia":[{"embeddable":true,"href":"https:\/\/elmercuriomanta.ec\/index.php\/wp-json\/wp\/v2\/media\/12899"}],"wp:attachment":[{"href":"https:\/\/elmercuriomanta.ec\/index.php\/wp-json\/wp\/v2\/media?parent=12897"}],"wp:term":[{"taxonomy":"category","embeddable":true,"href":"https:\/\/elmercuriomanta.ec\/index.php\/wp-json\/wp\/v2\/categories?post=12897"},{"taxonomy":"post_tag","embeddable":true,"href":"https:\/\/elmercuriomanta.ec\/index.php\/wp-json\/wp\/v2\/tags?post=12897"}],"curies":[{"name":"wp","href":"https:\/\/api.w.org\/{rel}","templated":true}]}}