{"id":12856,"date":"2024-01-11T11:14:08","date_gmt":"2024-01-11T16:14:08","guid":{"rendered":"https:\/\/elmercuriomanta.ec\/?p=12856"},"modified":"2024-01-11T11:14:10","modified_gmt":"2024-01-11T16:14:10","slug":"teleamazonas-reacciona-a-pedido-de-investigacion-del-presidente-daniel-noboa","status":"publish","type":"post","link":"https:\/\/elmercuriomanta.ec\/index.php\/2024\/01\/11\/teleamazonas-reacciona-a-pedido-de-investigacion-del-presidente-daniel-noboa\/","title":{"rendered":"Teleamazonas reacciona a pedido de investigaci\u00f3n del Presidente Daniel Noboa"},"content":{"rendered":"\n<figure class=\"wp-block-image aligncenter size-full is-resized\"><img fetchpriority=\"high\" decoding=\"async\" width=\"296\" height=\"170\" src=\"https:\/\/elmercuriomanta.ec\/wp-content\/uploads\/2024\/01\/image-139.png\" alt=\"\" class=\"wp-image-12860\" style=\"width:382px;height:auto\"\/><\/figure>\n\n\n\n<p>En su noticiero estelar de este 10 de enero del 2024, el medio de comunicaci\u00f3n reaccion\u00f3 al pedido del presidente Daniel Noboa de investigarlo por la transmisi\u00f3n en vivo del atentado terrorista en contra de TC Televisi\u00f3n. En una entrevista radial, el jefe de Estado cuestion\u00f3 la labor period\u00edstica. \u201cEstaban enlazados. \u00bfPor qu\u00e9 Teleamazonas quiere espectacularizar todo esto, por qu\u00e9 se enlaza. Se debe investigar\u201d.<\/p>\n\n\n\n<p>Milton P\u00e9rez, anchor principal del medio de comunicaci\u00f3n, fue el encargado de transmitir en vivo durante el noticiero la posici\u00f3n del canal en torno a las declaraciones presidenciales. En un breve comunicado de un poco m\u00e1s de minuto y medio, P\u00e9rez empez\u00f3 defendiendo el trabajo de Teleamazonas.<\/p>\n\n\n\n<p>\u201cTeleamazonas cumpli\u00f3 con el deber profesional de transmitir los hechos con la honestidad y responsabilidad de siempre. El presidente ha pedido investigar a Teleamazonas. \u00bfPor qu\u00e9 una investigaci\u00f3n? Tal vez por informar un hecho grave para nuestro pa\u00eds, tan grave que inmediatamente el Gobierno declar\u00f3 la situaci\u00f3n de guerra interna\u201d.<\/p>\n","protected":false},"excerpt":{"rendered":"<p>En su noticiero estelar de este 10 de enero del 2024, el medio de comunicaci\u00f3n reaccion\u00f3 al pedido del presidente Daniel Noboa de investigarlo por la transmisi\u00f3n en vivo del atentado terrorista en contra de TC Televisi\u00f3n. En una entrevista radial, el jefe de Estado cuestion\u00f3 la labor period\u00edstica. \u201cEstaban enlazados. \u00bfPor qu\u00e9 Teleamazonas quiere espectacularizar todo esto, por qu\u00e9 se enlaza. Se debe investigar\u201d.<\/p>\n","protected":false},"author":1,"featured_media":12860,"comment_status":"open","ping_status":"open","sticky":false,"template":"","format":"standard","meta":{"footnotes":""},"categories":[1],"tags":[23],"class_list":["post-12856","post","type-post","status-publish","format-standard","has-post-thumbnail","hentry","category-uncategorized","tag-ecuador"],"_links":{"self":[{"href":"https:\/\/elmercuriomanta.ec\/index.php\/wp-json\/wp\/v2\/posts\/12856","targetHints":{"allow":["GET"]}}],"collection":[{"href":"https:\/\/elmercuriomanta.ec\/index.php\/wp-json\/wp\/v2\/posts"}],"about":[{"href":"https:\/\/elmercuriomanta.ec\/index.php\/wp-json\/wp\/v2\/types\/post"}],"author":[{"embeddable":true,"href":"https:\/\/elmercuriomanta.ec\/index.php\/wp-json\/wp\/v2\/users\/1"}],"replies":[{"embeddable":true,"href":"https:\/\/elmercuriomanta.ec\/index.php\/wp-json\/wp\/v2\/comments?post=12856"}],"version-history":[{"count":1,"href":"https:\/\/elmercuriomanta.ec\/index.php\/wp-json\/wp\/v2\/posts\/12856\/revisions"}],"predecessor-version":[{"id":12863,"href":"https:\/\/elmercuriomanta.ec\/index.php\/wp-json\/wp\/v2\/posts\/12856\/revisions\/12863"}],"wp:featuredmedia":[{"embeddable":true,"href":"https:\/\/elmercuriomanta.ec\/index.php\/wp-json\/wp\/v2\/media\/12860"}],"wp:attachment":[{"href":"https:\/\/elmercuriomanta.ec\/index.php\/wp-json\/wp\/v2\/media?parent=12856"}],"wp:term":[{"taxonomy":"category","embeddable":true,"href":"https:\/\/elmercuriomanta.ec\/index.php\/wp-json\/wp\/v2\/categories?post=12856"},{"taxonomy":"post_tag","embeddable":true,"href":"https:\/\/elmercuriomanta.ec\/index.php\/wp-json\/wp\/v2\/tags?post=12856"}],"curies":[{"name":"wp","href":"https:\/\/api.w.org\/{rel}","templated":true}]}}