{"id":12847,"date":"2024-01-11T10:54:57","date_gmt":"2024-01-11T15:54:57","guid":{"rendered":"https:\/\/elmercuriomanta.ec\/?p=12847"},"modified":"2024-01-11T10:55:00","modified_gmt":"2024-01-11T15:55:00","slug":"snai-se-mantiene-en-silencio-ante-el-secuestro-de-guias-penitenciarios","status":"publish","type":"post","link":"https:\/\/elmercuriomanta.ec\/index.php\/2024\/01\/11\/snai-se-mantiene-en-silencio-ante-el-secuestro-de-guias-penitenciarios\/","title":{"rendered":"SNAI se mantiene en silencio ante el secuestro de gu\u00edas penitenciarios"},"content":{"rendered":"\n<figure class=\"wp-block-image aligncenter size-full is-resized\"><img fetchpriority=\"high\" decoding=\"async\" width=\"296\" height=\"170\" src=\"https:\/\/elmercuriomanta.ec\/wp-content\/uploads\/2024\/01\/image-137.png\" alt=\"\" class=\"wp-image-12848\" style=\"width:475px;height:auto\"\/><\/figure>\n\n\n\n<p>El Servicio Nacional de Atenci\u00f3n a Personas Privadas de Libertad (SNAI), reconoci\u00f3 el secuestro de 125 gu\u00edas penitenciarios en cinco c\u00e1rceles del Ecuador, desde la madrugada del lunes que se conoci\u00f3 de la situaci\u00f3n existe escasa informaci\u00f3n de ellos. Carlos Ord\u00f3\u00f1ez, Vicepresidente de la Asociaci\u00f3n de Servidores Penitenciarios, cuestion\u00f3 la falta de inter\u00e9s para ayudar a estos trabajadores. \u201cYa vamos tres d\u00edas en un Estado de Guerra, en un Estado de Excepci\u00f3n y tristemente mis compa\u00f1eros siguen restringidos de su libertad\u201d. Record\u00f3 que desde el a\u00f1o 2021 no cuentan con armas, ni implementos de seguridad como cascos, chalecos antibalas, gas pimienta, equipos de comunicaci\u00f3n y que el uniforme debe ser costeado por ellos mismos. A trav\u00e9s de videos que se viralizaron en redes sociales se ha observado c\u00f3mo amedrentan a los trabajadores con armas de fuego, cuchillos, machetes y explosivos.<\/p>\n\n\n\n<p>En varios videos se observa como los trabajadores son asesinados en frente de otros compa\u00f1eros. Diario EXPRESO pidi\u00f3 al SNAI que confirme la veracidad del sangriento hecho pero se abstiene de responder. No lo confirma ni tampoco lo niega. Las grabaciones empezaron a ser divulgadas tras confirmarse la salida de Adolfo Mac\u00edas, Alias \u2018Fito\u2019 el pasado domingo 7 de enero. Los videos que circularon durante este 10 de enero desde el interior de las prisiones, tuvieron un ligero cambio a los anteriores, ya no mostraron su armamento en las intervenciones. Sin embargo, los familiares exigen que se intervenga en los reclusorios y que se rescate a los secuestrados.<\/p>\n\n\n\n<p>Sin embargo, sobre este tema no se pronunci\u00f3 el primer mandatario, tampoco lo han hecho desde el ministerio del Interior, de Defensa o la Polic\u00eda Nacional. Los rehenes son usados para leer o decir frente a las c\u00e1maras las demandas de los convictos hacia las autoridades del r\u00e9gimen de Daniel Noboa, que en pocas palabras es que cese la intervenci\u00f3n estatal. Por tal motivo este 10 de enero presentaron una acci\u00f3n de habeas corpus en contra del director del SNAI, Luis Zaldumbide, para que los 125 gu\u00edas a\u00fan secuestrados, en c\u00e1rceles del Ecuador, sean liberados.<\/p>\n","protected":false},"excerpt":{"rendered":"<p>El Servicio Nacional de Atenci\u00f3n a Personas Privadas de Libertad (SNAI), reconoci\u00f3 el secuestro de 125 gu\u00edas penitenciarios en cinco c\u00e1rceles del Ecuador, desde la madrugada del lunes que se conoci\u00f3 de la situaci\u00f3n existe escasa informaci\u00f3n de ellos. Carlos Ord\u00f3\u00f1ez, Vicepresidente de la Asociaci\u00f3n de Servidores Penitenciarios, cuestion\u00f3 la falta de inter\u00e9s para ayudar a estos trabajadores. \u201cYa vamos tres d\u00edas en un Estado de Guerra, en un Estado de Excepci\u00f3n y tristemente mis compa\u00f1eros siguen restringidos de su libertad\u201d. Record\u00f3 que desde el a\u00f1o 2021 no cuentan con armas, ni implementos de seguridad como cascos, chalecos antibalas, gas pimienta, equipos de comunicaci\u00f3n y que el uniforme debe ser costeado por ellos mismos. A trav\u00e9s de videos que se viralizaron en redes sociales se ha observado c\u00f3mo amedrentan a los trabajadores con armas de fuego, cuchillos, machetes y explosivos.<\/p>\n","protected":false},"author":1,"featured_media":12848,"comment_status":"open","ping_status":"open","sticky":false,"template":"","format":"standard","meta":{"footnotes":""},"categories":[20],"tags":[],"class_list":["post-12847","post","type-post","status-publish","format-standard","has-post-thumbnail","hentry","category-portada-2"],"_links":{"self":[{"href":"https:\/\/elmercuriomanta.ec\/index.php\/wp-json\/wp\/v2\/posts\/12847","targetHints":{"allow":["GET"]}}],"collection":[{"href":"https:\/\/elmercuriomanta.ec\/index.php\/wp-json\/wp\/v2\/posts"}],"about":[{"href":"https:\/\/elmercuriomanta.ec\/index.php\/wp-json\/wp\/v2\/types\/post"}],"author":[{"embeddable":true,"href":"https:\/\/elmercuriomanta.ec\/index.php\/wp-json\/wp\/v2\/users\/1"}],"replies":[{"embeddable":true,"href":"https:\/\/elmercuriomanta.ec\/index.php\/wp-json\/wp\/v2\/comments?post=12847"}],"version-history":[{"count":1,"href":"https:\/\/elmercuriomanta.ec\/index.php\/wp-json\/wp\/v2\/posts\/12847\/revisions"}],"predecessor-version":[{"id":12849,"href":"https:\/\/elmercuriomanta.ec\/index.php\/wp-json\/wp\/v2\/posts\/12847\/revisions\/12849"}],"wp:featuredmedia":[{"embeddable":true,"href":"https:\/\/elmercuriomanta.ec\/index.php\/wp-json\/wp\/v2\/media\/12848"}],"wp:attachment":[{"href":"https:\/\/elmercuriomanta.ec\/index.php\/wp-json\/wp\/v2\/media?parent=12847"}],"wp:term":[{"taxonomy":"category","embeddable":true,"href":"https:\/\/elmercuriomanta.ec\/index.php\/wp-json\/wp\/v2\/categories?post=12847"},{"taxonomy":"post_tag","embeddable":true,"href":"https:\/\/elmercuriomanta.ec\/index.php\/wp-json\/wp\/v2\/tags?post=12847"}],"curies":[{"name":"wp","href":"https:\/\/api.w.org\/{rel}","templated":true}]}}