{"id":12739,"date":"2024-01-09T09:46:55","date_gmt":"2024-01-09T14:46:55","guid":{"rendered":"https:\/\/elmercuriomanta.ec\/?p=12739"},"modified":"2024-01-09T09:46:57","modified_gmt":"2024-01-09T14:46:57","slug":"sin-pronunciamiento-sobre-fuga-de-fito-ni-disturbios-en-carceles","status":"publish","type":"post","link":"https:\/\/elmercuriomanta.ec\/index.php\/2024\/01\/09\/sin-pronunciamiento-sobre-fuga-de-fito-ni-disturbios-en-carceles\/","title":{"rendered":"Sin pronunciamiento sobre fuga de Fito ni disturbios en c\u00e1rceles"},"content":{"rendered":"\n<figure class=\"wp-block-image aligncenter size-full is-resized\"><img fetchpriority=\"high\" decoding=\"async\" width=\"318\" height=\"159\" src=\"https:\/\/elmercuriomanta.ec\/wp-content\/uploads\/2024\/01\/image-118.png\" alt=\"\" class=\"wp-image-12741\" style=\"width:268px;height:auto\" srcset=\"https:\/\/elmercuriomanta.ec\/wp-content\/uploads\/2024\/01\/image-118.png 318w, https:\/\/elmercuriomanta.ec\/wp-content\/uploads\/2024\/01\/image-118-300x150.png 300w\" sizes=\"(max-width: 318px) 100vw, 318px\" \/><\/figure>\n\n\n\n<p>A pesar de los informes de amotinamientos y de al menos una docena de gu\u00edas penitenciarios retenidos por los presos en las c\u00e1rceles de Cotopaxi, El Inca y Turi, y la fuga de alias Fito, el SNAI, la entidad encarga de los centros penitenciarios de Ecuador, no ha emitido ning\u00fan pronunciamiento oficial hasta el momento. De hecho, en sus redes sociales no existen publicaciones desde el pasado 5 de enero de 2024.<\/p>\n\n\n\n<p>&nbsp;En el chat de prensa, a pesar de la insistencia de los periodistas, tampoco hay respuestas con mayores detalles sobre la situaci\u00f3n. El personal de comunicaci\u00f3n respondi\u00f3 una sola vez al mediod\u00eda de ayer, domingo 7 de enero de 2024. Emiti\u00f3 una breve respuesta confirmando el operativo CAMEX en la Penitenciar\u00eda del Litoral. Adem\u00e1s, agreg\u00f3 que una vez que finalizara la intervenci\u00f3n emitir\u00edan los resultados y datos del procedimiento, ya que era coordinado entre varias entidades.<\/p>\n\n\n\n<p>&nbsp;A partir de ese momento, hubo silencio respecto a las interrogantes sobre el paradero de Fito, y el informe sobre lo encontrado en el operativo nunca lleg\u00f3. La ma\u00f1ana de hoy, cerca de las 10h00, personal de comunicaci\u00f3n se\u00f1al\u00f3 que emitir\u00edan un comunicado sobre \u201clos incidentes en diferentes centros penitenciarios del pa\u00eds\u201d; sin embargo, hasta el momento no ha habido una contestaci\u00f3n de las acciones que se est\u00e1n tomando.&nbsp;<\/p>\n\n\n\n<p>Autoridades tambi\u00e9n tardaron en reconocer fuga Luego de m\u00e1s de 10 horas desde que se conoci\u00f3 la fuga de alias Fito las autoridades confirmaron pasadas las 20h00 de ayer desconocer su paradero, al no ser encontrado en su celda. Esta ma\u00f1ana del lunes, el secretario de Comunicaci\u00f3n, Roberto Izurieta, dio m\u00e1s detalles sobre el escape de Fito: \u201cLo m\u00e1s probable es que hubo infiltraciones y que fue una cuesti\u00f3n de horas\u201d. Por su parte, personal t\u00e1ctico, militar y policial estaba presente en los exteriores como en el interior del recinto penitenciario. A partir de ese momento, hubo silencio respecto a las interrogantes sobre el paradero de Fito, y el informe sobre lo encontrado en el operativo nunca lleg\u00f3.<\/p>\n","protected":false},"excerpt":{"rendered":"<p>A pesar de los informes de amotinamientos y de al menos una docena de gu\u00edas penitenciarios retenidos por los presos en las c\u00e1rceles de Cotopaxi, El Inca y Turi, y la fuga de alias Fito, el SNAI, la entidad encarga de los centros penitenciarios de Ecuador, no ha emitido ning\u00fan pronunciamiento oficial hasta el momento. De hecho, en sus redes sociales no existen publicaciones desde el pasado 5 de enero de 2024.<\/p>\n","protected":false},"author":1,"featured_media":12741,"comment_status":"open","ping_status":"open","sticky":false,"template":"","format":"standard","meta":{"footnotes":""},"categories":[20,83,1],"tags":[23],"class_list":["post-12739","post","type-post","status-publish","format-standard","has-post-thumbnail","hentry","category-portada-2","category-sucesos","category-uncategorized","tag-ecuador"],"_links":{"self":[{"href":"https:\/\/elmercuriomanta.ec\/index.php\/wp-json\/wp\/v2\/posts\/12739","targetHints":{"allow":["GET"]}}],"collection":[{"href":"https:\/\/elmercuriomanta.ec\/index.php\/wp-json\/wp\/v2\/posts"}],"about":[{"href":"https:\/\/elmercuriomanta.ec\/index.php\/wp-json\/wp\/v2\/types\/post"}],"author":[{"embeddable":true,"href":"https:\/\/elmercuriomanta.ec\/index.php\/wp-json\/wp\/v2\/users\/1"}],"replies":[{"embeddable":true,"href":"https:\/\/elmercuriomanta.ec\/index.php\/wp-json\/wp\/v2\/comments?post=12739"}],"version-history":[{"count":2,"href":"https:\/\/elmercuriomanta.ec\/index.php\/wp-json\/wp\/v2\/posts\/12739\/revisions"}],"predecessor-version":[{"id":12742,"href":"https:\/\/elmercuriomanta.ec\/index.php\/wp-json\/wp\/v2\/posts\/12739\/revisions\/12742"}],"wp:featuredmedia":[{"embeddable":true,"href":"https:\/\/elmercuriomanta.ec\/index.php\/wp-json\/wp\/v2\/media\/12741"}],"wp:attachment":[{"href":"https:\/\/elmercuriomanta.ec\/index.php\/wp-json\/wp\/v2\/media?parent=12739"}],"wp:term":[{"taxonomy":"category","embeddable":true,"href":"https:\/\/elmercuriomanta.ec\/index.php\/wp-json\/wp\/v2\/categories?post=12739"},{"taxonomy":"post_tag","embeddable":true,"href":"https:\/\/elmercuriomanta.ec\/index.php\/wp-json\/wp\/v2\/tags?post=12739"}],"curies":[{"name":"wp","href":"https:\/\/api.w.org\/{rel}","templated":true}]}}