{"id":12716,"date":"2024-01-09T09:29:30","date_gmt":"2024-01-09T14:29:30","guid":{"rendered":"https:\/\/elmercuriomanta.ec\/?p=12716"},"modified":"2024-01-09T11:20:05","modified_gmt":"2024-01-09T16:20:05","slug":"duenos-de-negocios-piden-medidas-inmediatas-contra-la-inseguridad","status":"publish","type":"post","link":"https:\/\/elmercuriomanta.ec\/index.php\/2024\/01\/09\/duenos-de-negocios-piden-medidas-inmediatas-contra-la-inseguridad\/","title":{"rendered":"Due\u00f1os de negocios piden medidas inmediatas contra la inseguridad"},"content":{"rendered":"\n<figure class=\"wp-block-image aligncenter size-full is-resized\"><img fetchpriority=\"high\" decoding=\"async\" width=\"768\" height=\"720\" src=\"https:\/\/elmercuriomanta.ec\/wp-content\/uploads\/2024\/01\/image-113.png\" alt=\"\" class=\"wp-image-12718\" style=\"width:309px;height:auto\" srcset=\"https:\/\/elmercuriomanta.ec\/wp-content\/uploads\/2024\/01\/image-113.png 768w, https:\/\/elmercuriomanta.ec\/wp-content\/uploads\/2024\/01\/image-113-300x281.png 300w\" sizes=\"(max-width: 768px) 100vw, 768px\" \/><\/figure>\n\n\n\n<p>Afectados psicol\u00f3gica y econ\u00f3micamente se sienten los propietarios de locales comerciales y de alimentos ante el aumento delictivo y de inseguridad. En un comunicado oficial dirigido a la Alcald\u00eda, la Asociaci\u00f3n de Restaurantes y Bares de Manta, provincia de Manab\u00ed, expresa su profundo malestar ante la falta de seguridad durante los \u00faltimos eventos.&nbsp;<\/p>\n\n\n\n<p>Y es que el puerto manabita se volvi\u00f3 el m\u00e1s violento del 2023 cerrando con un total de 318 muertes violentas. Sin contar los casos de extorsi\u00f3n o \u00abvacunas\u00bb de los que son v\u00edctimas los due\u00f1os de negocios. Entre el centro de la ciudad y Barbasquillo, propietarios de unos 120 locales entre bares, restaurantes y cafeter\u00edas afirman estar afectados por estos hechos, que no solo les baja las ventas sino que pueden exponer sus vidas.<\/p>\n\n\n\n<p>&nbsp;Los empresarios locales demandan medidas inmediatas para garantizar la protecci\u00f3n de sus establecimientos y la tranquilidad de clientes y trabajadores. La situaci\u00f3n se vuelve urgente, y los representantes de la industria solicitan una reuni\u00f3n con las autoridades para abordar esta creciente problem\u00e1tica.<\/p>\n","protected":false},"excerpt":{"rendered":"<p>Afectados psicol\u00f3gica y econ\u00f3micamente se sienten los propietarios de locales comerciales y de alimentos ante el aumento delictivo y de inseguridad. En un comunicado oficial dirigido a la Alcald\u00eda, la Asociaci\u00f3n de Restaurantes y Bares de Manta, provincia de Manab\u00ed, expresa su profundo malestar ante la falta de seguridad durante los \u00faltimos eventos.\u00a0<\/p>\n","protected":false},"author":1,"featured_media":12718,"comment_status":"open","ping_status":"open","sticky":false,"template":"","format":"standard","meta":{"footnotes":""},"categories":[83,1],"tags":[23],"class_list":["post-12716","post","type-post","status-publish","format-standard","has-post-thumbnail","hentry","category-sucesos","category-uncategorized","tag-ecuador"],"_links":{"self":[{"href":"https:\/\/elmercuriomanta.ec\/index.php\/wp-json\/wp\/v2\/posts\/12716","targetHints":{"allow":["GET"]}}],"collection":[{"href":"https:\/\/elmercuriomanta.ec\/index.php\/wp-json\/wp\/v2\/posts"}],"about":[{"href":"https:\/\/elmercuriomanta.ec\/index.php\/wp-json\/wp\/v2\/types\/post"}],"author":[{"embeddable":true,"href":"https:\/\/elmercuriomanta.ec\/index.php\/wp-json\/wp\/v2\/users\/1"}],"replies":[{"embeddable":true,"href":"https:\/\/elmercuriomanta.ec\/index.php\/wp-json\/wp\/v2\/comments?post=12716"}],"version-history":[{"count":2,"href":"https:\/\/elmercuriomanta.ec\/index.php\/wp-json\/wp\/v2\/posts\/12716\/revisions"}],"predecessor-version":[{"id":12719,"href":"https:\/\/elmercuriomanta.ec\/index.php\/wp-json\/wp\/v2\/posts\/12716\/revisions\/12719"}],"wp:featuredmedia":[{"embeddable":true,"href":"https:\/\/elmercuriomanta.ec\/index.php\/wp-json\/wp\/v2\/media\/12718"}],"wp:attachment":[{"href":"https:\/\/elmercuriomanta.ec\/index.php\/wp-json\/wp\/v2\/media?parent=12716"}],"wp:term":[{"taxonomy":"category","embeddable":true,"href":"https:\/\/elmercuriomanta.ec\/index.php\/wp-json\/wp\/v2\/categories?post=12716"},{"taxonomy":"post_tag","embeddable":true,"href":"https:\/\/elmercuriomanta.ec\/index.php\/wp-json\/wp\/v2\/tags?post=12716"}],"curies":[{"name":"wp","href":"https:\/\/api.w.org\/{rel}","templated":true}]}}