{"id":12712,"date":"2024-01-09T09:26:53","date_gmt":"2024-01-09T14:26:53","guid":{"rendered":"https:\/\/elmercuriomanta.ec\/?p=12712"},"modified":"2024-01-09T09:26:57","modified_gmt":"2024-01-09T14:26:57","slug":"quien-es-el-cabecilla-de-los-choneros-el-criminal-mas-buscado-de-ecuador","status":"publish","type":"post","link":"https:\/\/elmercuriomanta.ec\/index.php\/2024\/01\/09\/quien-es-el-cabecilla-de-los-choneros-el-criminal-mas-buscado-de-ecuador\/","title":{"rendered":"\u00bfQui\u00e9n es el cabecilla de los choneros, el criminal m\u00e1s buscado de Ecuador?"},"content":{"rendered":"\n<figure class=\"wp-block-image aligncenter size-full is-resized\"><img fetchpriority=\"high\" decoding=\"async\" width=\"468\" height=\"503\" src=\"https:\/\/elmercuriomanta.ec\/wp-content\/uploads\/2024\/01\/image-112.png\" alt=\"\" class=\"wp-image-12714\" style=\"width:233px;height:auto\" srcset=\"https:\/\/elmercuriomanta.ec\/wp-content\/uploads\/2024\/01\/image-112.png 468w, https:\/\/elmercuriomanta.ec\/wp-content\/uploads\/2024\/01\/image-112-279x300.png 279w\" sizes=\"(max-width: 468px) 100vw, 468px\" \/><\/figure>\n\n\n\n<p>La ubicaci\u00f3n de Jos\u00e9 Adolfo Mac\u00edas Villamar, alias Fito, cabecilla de Los Choneros, una peligrosa organizaci\u00f3n narcocriminal en Ecuador, es desconocida. Aunque desde la ma\u00f1ana de ayer circulaban rumores sobre su fuga, las autoridades tardaron m\u00e1s de 10 horas en confirmar oficialmente su fuga. Sin embargo, no existen certezas sobre el momento exacto en que abandon\u00f3 el pabell\u00f3n de m\u00e1xima seguridad en la c\u00e1rcel Regional de Guayaquil, donde purgaba una condena de 34 a\u00f1os.<\/p>\n\n\n\n<p>&nbsp;Seg\u00fan el secretario de Comunicaci\u00f3n, Roberto Izurieta, en sus declaraciones afirm\u00f3 que la fuga fue reciente: \u201cLo m\u00e1s probable es que hubo infiltraciones y que fue cuesti\u00f3n de horas\u201d. Aunque fuentes reservadas afirman a este medio que habr\u00eda sido d\u00edas antes. Pero, \u00bfqui\u00e9n es Adolfo Villamar, alias Fito, ahora el criminal m\u00e1s buscado de Ecuador? Aqu\u00ed una recopilaci\u00f3n sobre su prontuario y pasado criminal.&nbsp;<\/p>\n\n\n\n<p>Cabecilla de Los Choneros Alias Fito, de 43 a\u00f1os, oriundo de Manta asumi\u00f3 el liderazgo total de Los Choneros tras la muerte de Junior Rold\u00e1n (JR) asesinado el a\u00f1o pasado en Colombia. Ambos hab\u00edan quedado a cargo de la organizaci\u00f3n despu\u00e9s del crimen a Jorge Luis Zambrano, conocido como Rasqui\u00f1a o JL, quien fue asesinado en un centro comercial en 2020. Se sabe que Fito fue la mano derecha de Rasqui\u00f1a, pero tras su muerte, seg\u00fan informes de Inteligencia, su ascenso no fue bien recibido por miembros de la organizaci\u00f3n.&nbsp;<\/p>\n\n\n\n<p>De hecho, se lleg\u00f3 a asociar a Fito con el asesinato de Rasqui\u00f1a, lo que finalmente desencaden\u00f3 una intensa lucha territorial. Esto result\u00f3 en la fragmentaci\u00f3n de este grupo y en el surgimiento de Los Lobos. El grupo enemigo ha intentado eliminarlo en varias ocasiones. En febrero de 2021, Fito se enter\u00f3 de un plan para acabar con \u00e9l y para impedirlo, gener\u00f3 un amotinamiento carcelario en febrero de 2021 que dej\u00f3 79 muertos.<\/p>\n\n\n\n<p>&nbsp;El control carcelario de Fito y Los Choneros qued\u00f3 evidenciado no solo por su capacidad para estar armados dentro de la Penitenciar\u00eda del Litoral, sino tambi\u00e9n por los privilegios que logr\u00f3 imponer. En septiembre de 2022, celebr\u00f3 su cumplea\u00f1os en prisi\u00f3n con m\u00fasica, globos, luces e incluso una piscina, como se puede apreciar en un video que \u00e9l mismo comparti\u00f3. Dentro de la c\u00e1rcel, tambi\u00e9n grab\u00f3 parte de un corrido que un grupo musical le dedic\u00f3, y este videoclip se public\u00f3 en plataformas digitales.&nbsp;<\/p>\n\n\n\n<p>El SNAI se limit\u00f3 a decir que la grabaci\u00f3n se hizo con alg\u00fan equipo que ingres\u00f3 irregularmente. Historial criminal Fito fue sentenciado a 34 a\u00f1os de prisi\u00f3n en 2011, por delitos como delincuencia organizada, narcotr\u00e1fico y asesinato. Dentro del sistema de la funci\u00f3n judicial constan 29 procesos en su contra. As\u00ed su historial criminal data del a\u00f1o 2000 con una primera detenci\u00f3n moment\u00e1nea por robo, de la que no hay mayor registro.&nbsp;<\/p>\n\n\n\n<p>A partir de 2010 la justicia lo sigue de cerca por repetidos cr\u00edmenes y le abri\u00f3 juicios por delincuencia organizada, tenencia de armas, asesinato, asociaci\u00f3n il\u00edcita y delitos contra la propiedad, que concluyeron en 8 sentencias condenatorias, entre uno y 25 a\u00f1os de c\u00e1rcel, que los abogados de Fito han ido eliminando. En 2017, un tribunal de Manta lo declar\u00f3 inocente de homicidio. Mientras que otra causa por el delito de organizaci\u00f3n y financiamiento para el tr\u00e1fico de drogas volvi\u00f3 a cero gracias al dictamen abstentivo de un fiscal.&nbsp;<\/p>\n\n\n\n<p>En 2019, un tribunal de revisi\u00f3n de la Corte Nacional de Justicia anul\u00f3 su pena m\u00e1s alta de 25 a\u00f1os de prisi\u00f3n por asesinato. Mac\u00edas recibi\u00f3 m\u00e1s beneficios legales del pol\u00e9mico juez de Guayas, Diego Poma, quien declar\u00f3 extinguidas cuatro condenas por delincuencia organizada, porte de armas y robo, y lo habilit\u00f3 para pedir la prelibertad.&nbsp;<\/p>\n\n\n\n<p>En 2023, tras el asesinato de Fernando Villavicencio, el gobierno traslad\u00f3 a Fito a la c\u00e1rcel de La Roca. En respuesta, el juez Diego Poma emiti\u00f3 un nuevo fallo. Adem\u00e1s, el SNAI present\u00f3 un certificado que calificaba la conducta de Fito como \u201cbuena\u201d. Lo que le permiti\u00f3 que volviera a la Regional, de donde acaba de escapar.<\/p>\n","protected":false},"excerpt":{"rendered":"<p>La ubicaci\u00f3n de Jos\u00e9 Adolfo Mac\u00edas Villamar, alias Fito, cabecilla de Los Choneros, una peligrosa organizaci\u00f3n narcocriminal en Ecuador, es desconocida. Aunque desde la ma\u00f1ana de ayer circulaban rumores sobre su fuga, las autoridades tardaron m\u00e1s de 10 horas en confirmar oficialmente su fuga. Sin embargo, no existen certezas sobre el momento exacto en que abandon\u00f3 el pabell\u00f3n de m\u00e1xima seguridad en la c\u00e1rcel Regional de Guayaquil, donde purgaba una condena de 34 a\u00f1os.<\/p>\n","protected":false},"author":1,"featured_media":12714,"comment_status":"open","ping_status":"open","sticky":false,"template":"","format":"standard","meta":{"footnotes":""},"categories":[21,19,1],"tags":[23],"class_list":["post-12712","post","type-post","status-publish","format-standard","has-post-thumbnail","hentry","category-noticia-del-dia","category-portada-1","category-uncategorized","tag-ecuador"],"_links":{"self":[{"href":"https:\/\/elmercuriomanta.ec\/index.php\/wp-json\/wp\/v2\/posts\/12712","targetHints":{"allow":["GET"]}}],"collection":[{"href":"https:\/\/elmercuriomanta.ec\/index.php\/wp-json\/wp\/v2\/posts"}],"about":[{"href":"https:\/\/elmercuriomanta.ec\/index.php\/wp-json\/wp\/v2\/types\/post"}],"author":[{"embeddable":true,"href":"https:\/\/elmercuriomanta.ec\/index.php\/wp-json\/wp\/v2\/users\/1"}],"replies":[{"embeddable":true,"href":"https:\/\/elmercuriomanta.ec\/index.php\/wp-json\/wp\/v2\/comments?post=12712"}],"version-history":[{"count":2,"href":"https:\/\/elmercuriomanta.ec\/index.php\/wp-json\/wp\/v2\/posts\/12712\/revisions"}],"predecessor-version":[{"id":12715,"href":"https:\/\/elmercuriomanta.ec\/index.php\/wp-json\/wp\/v2\/posts\/12712\/revisions\/12715"}],"wp:featuredmedia":[{"embeddable":true,"href":"https:\/\/elmercuriomanta.ec\/index.php\/wp-json\/wp\/v2\/media\/12714"}],"wp:attachment":[{"href":"https:\/\/elmercuriomanta.ec\/index.php\/wp-json\/wp\/v2\/media?parent=12712"}],"wp:term":[{"taxonomy":"category","embeddable":true,"href":"https:\/\/elmercuriomanta.ec\/index.php\/wp-json\/wp\/v2\/categories?post=12712"},{"taxonomy":"post_tag","embeddable":true,"href":"https:\/\/elmercuriomanta.ec\/index.php\/wp-json\/wp\/v2\/tags?post=12712"}],"curies":[{"name":"wp","href":"https:\/\/api.w.org\/{rel}","templated":true}]}}