{"id":12629,"date":"2024-01-08T09:30:47","date_gmt":"2024-01-08T14:30:47","guid":{"rendered":"https:\/\/elmercuriomanta.ec\/?p=12629"},"modified":"2024-01-08T09:30:49","modified_gmt":"2024-01-08T14:30:49","slug":"policia-confirma-desconocer-paradero-de-alias-fito","status":"publish","type":"post","link":"https:\/\/elmercuriomanta.ec\/index.php\/2024\/01\/08\/policia-confirma-desconocer-paradero-de-alias-fito\/","title":{"rendered":"Polic\u00eda confirma desconocer paradero de alias Fito\u00a0"},"content":{"rendered":"\n<figure class=\"wp-block-image aligncenter size-full is-resized\"><img fetchpriority=\"high\" decoding=\"async\" width=\"300\" height=\"480\" src=\"https:\/\/elmercuriomanta.ec\/wp-content\/uploads\/2024\/01\/image-94-edited.png\" alt=\"\" class=\"wp-image-12632\" style=\"width:237px;height:auto\" srcset=\"https:\/\/elmercuriomanta.ec\/wp-content\/uploads\/2024\/01\/image-94-edited.png 300w, https:\/\/elmercuriomanta.ec\/wp-content\/uploads\/2024\/01\/image-94-edited-188x300.png 188w\" sizes=\"(max-width: 300px) 100vw, 300px\" \/><\/figure>\n\n\n\n<p>El cabecilla de Los Choneros Jos\u00e9 Adolfo Villamar Mac\u00edas, alias Fito, no est\u00e1 en la c\u00e1rcel Regional de Guayaquil, confirmaron autoridades gubernamentales en las instalaciones de la Gobernaci\u00f3n del Guayas, donde mantuvieron una reuni\u00f3n con el Consejo de Seguridad P\u00fablica y del Estado (Cosepe). El comandante general de la Polic\u00eda Nacional, C\u00e9sar Zapata, se\u00f1al\u00f3 que alias Fito no fue encontrado \u201cen el \u00e1rea que deber\u00eda haber estado\u201d.&nbsp;<\/p>\n\n\n\n<p>Acot\u00f3 que contin\u00faan las investigaciones en conjunto de las Fuerzas Armadas. Tambi\u00e9n agreg\u00f3 que la fiscal general, Diana Salazar, se traslad\u00f3 al centro penitenciario para constatar que Adolfo Villamar no estaba en su celda. El Ministerio P\u00fablico anunci\u00f3 que abri\u00f3 una investigaci\u00f3n de oficio por presunta evasi\u00f3n. Zapata a\u00f1adi\u00f3 que cuentan con el respaldo del gobierno nacional y de la ministra del Interior, M\u00f3nica Palencia.&nbsp;<\/p>\n\n\n\n<p>El secretario de Comunicaci\u00f3n, Roberto Izurieta, dijo que conf\u00edan en el labor de la Polic\u00eda y las Fuerzas Armadas. B\u00fasqueda sin \u00e9xito en la c\u00e1rcel Regional Los mil militares y polic\u00edas que ingresaron a este centro penitenciario a las 05:00 de este domingo 7 de diciembre no hallaron a alias Fito dentro del pabell\u00f3n de m\u00e1xima seguridad. La intervenci\u00f3n ten\u00eda como objetivo cambiarlo de c\u00e1rcel, pero no lo encontraron.&nbsp;<\/p>\n\n\n\n<p>La seguridad fue reforzada en el complejo carcelario, los agentes usaron drones y varias tanquetas, e ingresaron al reclusorio a lo largo de la ma\u00f1ana y tarde. Portales como SOS C\u00e1rceles, que previamente alertaron sobre la muerte de seis procesados por el asesinato de Fernando Villavicencio antes que las fuentes gubernamentales, junto al exministro del Interior, Jos\u00e9 Serrano, afirman que Fito logr\u00f3 escapar de la C\u00e1rcel Regional.&nbsp;<\/p>\n\n\n\n<p>El 12 de agosto de 2023, en un operativo con 4 mil uniformados, Adolfo Villamar fue trasladado a la c\u00e1rcel de m\u00e1xima seguridad La Roca junto a otros dos presos peligrosos. All\u00ed estuvo casi un mes, y luego regres\u00f3 a la c\u00e1rcel Regional tras una orden del juez Diego Poma, el 8 de septiembre. En 2013, en La Roca, hubo una huida masiva en la cual sali\u00f3, pero fue recapturado dos meses despu\u00e9s. Alias \u2018Fito\u2019, de 43 a\u00f1os, fue sentenciado a 34 a\u00f1os de prisi\u00f3n en 2011, por delitos como delincuencia organizada, narcotr\u00e1fico y asesinato. Dentro del sistema de la funci\u00f3n judicial constan 29 procesos en su contra.<\/p>\n","protected":false},"excerpt":{"rendered":"<p>El cabecilla de Los Choneros Jos\u00e9 Adolfo Villamar Mac\u00edas, alias Fito, no est\u00e1 en la c\u00e1rcel Regional de Guayaquil, confirmaron autoridades gubernamentales en las instalaciones de la Gobernaci\u00f3n del Guayas, donde mantuvieron una reuni\u00f3n con el Consejo de Seguridad P\u00fablica y del Estado (Cosepe). El comandante general de la Polic\u00eda Nacional, C\u00e9sar Zapata, se\u00f1al\u00f3 que alias Fito no fue encontrado \u201cen el \u00e1rea que deber\u00eda haber estado\u201d.\u00a0<\/p>\n","protected":false},"author":1,"featured_media":12632,"comment_status":"open","ping_status":"open","sticky":false,"template":"","format":"standard","meta":{"footnotes":""},"categories":[83,1],"tags":[23],"class_list":["post-12629","post","type-post","status-publish","format-standard","has-post-thumbnail","hentry","category-sucesos","category-uncategorized","tag-ecuador"],"_links":{"self":[{"href":"https:\/\/elmercuriomanta.ec\/index.php\/wp-json\/wp\/v2\/posts\/12629","targetHints":{"allow":["GET"]}}],"collection":[{"href":"https:\/\/elmercuriomanta.ec\/index.php\/wp-json\/wp\/v2\/posts"}],"about":[{"href":"https:\/\/elmercuriomanta.ec\/index.php\/wp-json\/wp\/v2\/types\/post"}],"author":[{"embeddable":true,"href":"https:\/\/elmercuriomanta.ec\/index.php\/wp-json\/wp\/v2\/users\/1"}],"replies":[{"embeddable":true,"href":"https:\/\/elmercuriomanta.ec\/index.php\/wp-json\/wp\/v2\/comments?post=12629"}],"version-history":[{"count":2,"href":"https:\/\/elmercuriomanta.ec\/index.php\/wp-json\/wp\/v2\/posts\/12629\/revisions"}],"predecessor-version":[{"id":12633,"href":"https:\/\/elmercuriomanta.ec\/index.php\/wp-json\/wp\/v2\/posts\/12629\/revisions\/12633"}],"wp:featuredmedia":[{"embeddable":true,"href":"https:\/\/elmercuriomanta.ec\/index.php\/wp-json\/wp\/v2\/media\/12632"}],"wp:attachment":[{"href":"https:\/\/elmercuriomanta.ec\/index.php\/wp-json\/wp\/v2\/media?parent=12629"}],"wp:term":[{"taxonomy":"category","embeddable":true,"href":"https:\/\/elmercuriomanta.ec\/index.php\/wp-json\/wp\/v2\/categories?post=12629"},{"taxonomy":"post_tag","embeddable":true,"href":"https:\/\/elmercuriomanta.ec\/index.php\/wp-json\/wp\/v2\/tags?post=12629"}],"curies":[{"name":"wp","href":"https:\/\/api.w.org\/{rel}","templated":true}]}}