{"id":12483,"date":"2024-01-05T10:03:49","date_gmt":"2024-01-05T15:03:49","guid":{"rendered":"https:\/\/elmercuriomanta.ec\/?p=12483"},"modified":"2024-01-05T10:03:52","modified_gmt":"2024-01-05T15:03:52","slug":"frio-extremo-nieve-y-lluvias-colapsan-media-europa","status":"publish","type":"post","link":"https:\/\/elmercuriomanta.ec\/index.php\/2024\/01\/05\/frio-extremo-nieve-y-lluvias-colapsan-media-europa\/","title":{"rendered":"Fr\u00edo extremo, nieve y lluvias colapsan media Europa"},"content":{"rendered":"\n<figure class=\"wp-block-image aligncenter size-full is-resized\"><img fetchpriority=\"high\" decoding=\"async\" width=\"700\" height=\"402\" src=\"https:\/\/elmercuriomanta.ec\/wp-content\/uploads\/2024\/01\/image-62.png\" alt=\"\" class=\"wp-image-12485\" style=\"width:373px;height:auto\" srcset=\"https:\/\/elmercuriomanta.ec\/wp-content\/uploads\/2024\/01\/image-62.png 700w, https:\/\/elmercuriomanta.ec\/wp-content\/uploads\/2024\/01\/image-62-300x172.png 300w\" sizes=\"(max-width: 700px) 100vw, 700px\" \/><\/figure>\n\n\n\n<p>Las fuertes lluvias, la nieve y una ola de fr\u00edo extremo ha sumido a gran parte de Europa en el caos estos primeros d\u00edas de enero, sobre todo en el oeste europeo y los pa\u00edses n\u00f3rdicos, con al menos seis personas muertas, interrupciones en los transportes, cortes el\u00e9ctricos y el cierre de escuelas.&nbsp;<\/p>\n\n\n\n<p>La previsi\u00f3n es que este temporal se alargue por lo menos hasta el fin de semana y que las temperaturas sigan bajando, incluso en zonas m\u00e1s al sur, como Espa\u00f1a, donde una masa de aire mar\u00edtimo polar recibir\u00e1 a los tradicionales Reyes Magos con nieve en cuotas muy bajas.&nbsp;<\/p>\n\n\n\n<p>Francia, Alemania, Reino Unido, Suecia, Finlandia y Dinamarca son algunos de los pa\u00edses m\u00e1s afectados hoy por este primer temporal del a\u00f1o.&nbsp;<\/p>\n\n\n\n<p>De hecho, en el sur de Suecia hay un millar de personas atrapadas en las carreteras por las fuertes nevadas -un gran n\u00famero de coches permanecen atascados en la E22 entre H\u00f6rby y Kristianstad desde este 3 de enero y miles de hogares sin luz.<\/p>\n","protected":false},"excerpt":{"rendered":"<p>Las fuertes lluvias, la nieve y una ola de fr\u00edo extremo ha sumido a gran parte de Europa en el caos estos primeros d\u00edas de enero, sobre todo en el oeste europeo y los pa\u00edses n\u00f3rdicos, con al menos seis personas muertas, interrupciones en los transportes, cortes el\u00e9ctricos y el cierre de escuelas.\u00a0<\/p>\n","protected":false},"author":1,"featured_media":12485,"comment_status":"open","ping_status":"open","sticky":false,"template":"","format":"standard","meta":{"footnotes":""},"categories":[8,1],"tags":[42],"class_list":["post-12483","post","type-post","status-publish","format-standard","has-post-thumbnail","hentry","category-internacional","category-uncategorized","tag-internacional"],"_links":{"self":[{"href":"https:\/\/elmercuriomanta.ec\/index.php\/wp-json\/wp\/v2\/posts\/12483","targetHints":{"allow":["GET"]}}],"collection":[{"href":"https:\/\/elmercuriomanta.ec\/index.php\/wp-json\/wp\/v2\/posts"}],"about":[{"href":"https:\/\/elmercuriomanta.ec\/index.php\/wp-json\/wp\/v2\/types\/post"}],"author":[{"embeddable":true,"href":"https:\/\/elmercuriomanta.ec\/index.php\/wp-json\/wp\/v2\/users\/1"}],"replies":[{"embeddable":true,"href":"https:\/\/elmercuriomanta.ec\/index.php\/wp-json\/wp\/v2\/comments?post=12483"}],"version-history":[{"count":2,"href":"https:\/\/elmercuriomanta.ec\/index.php\/wp-json\/wp\/v2\/posts\/12483\/revisions"}],"predecessor-version":[{"id":12486,"href":"https:\/\/elmercuriomanta.ec\/index.php\/wp-json\/wp\/v2\/posts\/12483\/revisions\/12486"}],"wp:featuredmedia":[{"embeddable":true,"href":"https:\/\/elmercuriomanta.ec\/index.php\/wp-json\/wp\/v2\/media\/12485"}],"wp:attachment":[{"href":"https:\/\/elmercuriomanta.ec\/index.php\/wp-json\/wp\/v2\/media?parent=12483"}],"wp:term":[{"taxonomy":"category","embeddable":true,"href":"https:\/\/elmercuriomanta.ec\/index.php\/wp-json\/wp\/v2\/categories?post=12483"},{"taxonomy":"post_tag","embeddable":true,"href":"https:\/\/elmercuriomanta.ec\/index.php\/wp-json\/wp\/v2\/tags?post=12483"}],"curies":[{"name":"wp","href":"https:\/\/api.w.org\/{rel}","templated":true}]}}