{"id":12253,"date":"2024-01-02T11:19:38","date_gmt":"2024-01-02T16:19:38","guid":{"rendered":"https:\/\/elmercuriomanta.ec\/?p=12253"},"modified":"2024-01-02T11:19:40","modified_gmt":"2024-01-02T16:19:40","slug":"victimas-de-masacre-en-la-primavera-1-aumentaron-a-seis","status":"publish","type":"post","link":"https:\/\/elmercuriomanta.ec\/index.php\/2024\/01\/02\/victimas-de-masacre-en-la-primavera-1-aumentaron-a-seis\/","title":{"rendered":"V\u00edctimas de masacre en la Primavera 1 aumentaron a seis"},"content":{"rendered":"\n<figure class=\"wp-block-image aligncenter size-large is-resized\"><img fetchpriority=\"high\" decoding=\"async\" width=\"1024\" height=\"616\" src=\"https:\/\/elmercuriomanta.ec\/wp-content\/uploads\/2024\/01\/image-25-1024x616.png\" alt=\"\" class=\"wp-image-12255\" style=\"width:446px;height:auto\" srcset=\"https:\/\/elmercuriomanta.ec\/wp-content\/uploads\/2024\/01\/image-25-1024x616.png 1024w, https:\/\/elmercuriomanta.ec\/wp-content\/uploads\/2024\/01\/image-25-300x181.png 300w, https:\/\/elmercuriomanta.ec\/wp-content\/uploads\/2024\/01\/image-25-768x462.png 768w, https:\/\/elmercuriomanta.ec\/wp-content\/uploads\/2024\/01\/image-25.png 1170w\" sizes=\"(max-width: 1024px) 100vw, 1024px\" \/><\/figure>\n\n\n\n<p>El fin del 2023 e inicio del 2024 fue terror\u00edfico en Dur\u00e1n. Al menos siete personas fueron asesinadas en ese cant\u00f3n del Guayas entre el 31 de diciembre y el 1 de enero. En uno de los casos, seis personas fueron asesinadas.<\/p>\n\n\n\n<p>&nbsp;El primer hecho, en la v\u00edspera del A\u00f1o Nuevo, ocurri\u00f3 aproximadamente a las 14:00 del domingo 31 de diciembre de 2023. Un grupo de 15 a 20 personas que se encontraban en la avenida Manuel Cisneros, frente a un supermercado de la ciudadela Primavera 1, fue atacado a tiros. \u201cEstaban celebrando en la v\u00edspera del 2024\u201d, indic\u00f3 un morador. Seg\u00fan \u00e9l, los baleados ser\u00edan consumidores de sustancias, pero \u201cno le hac\u00edan da\u00f1o a nadie\u201d, ni se conoce si estaban implicados en actividades delictivas.&nbsp;<\/p>\n\n\n\n<p>Las v\u00edctimas, quienes en su mayor\u00eda viv\u00edan por el sector, fueron sorprendidas a tiros por los ocupantes de una camioneta, confirm\u00f3 posteriormente el teniente coronel Diego Carrillo, del distrito Dur\u00e1n. En principio, seg\u00fan inform\u00f3 el agente, fueron cuatro los fallecidos, pero este 1 de enero otra fuente policial inform\u00f3 que el n\u00famero de difuntos aument\u00f3 a seis, adem\u00e1s de haber tres personas heridas como consecuencia de este suceso.&nbsp;<\/p>\n\n\n\n<p>Sin embargo, a\u00fan no se conocen las posibles motivaciones de este ataque, que caus\u00f3 p\u00e1nico en la poblaci\u00f3n durane\u00f1a. Muchos de los que se encontraban en el sector en el momento del violento hecho, al igual que algunos que llegaron luego, adoptaron una actitud de confrontaci\u00f3n contra los polic\u00edas y los trabajadores de los medios de comunicaci\u00f3n que se encontraban presentes.&nbsp;<\/p>\n\n\n\n<p>Previamente hab\u00edan retirado a cuatro de las v\u00edctimas del lugar, con el fin de que sean atendidas y puedan escapar de la muerte, pero terminaron muriendo. Este 1 de enero la zona luc\u00eda vac\u00eda. Hab\u00eda pocas personas transitando por all\u00ed.<\/p>\n","protected":false},"excerpt":{"rendered":"<p>El fin del 2023 e inicio del 2024 fue terror\u00edfico en Dur\u00e1n. Al menos siete personas fueron asesinadas en ese cant\u00f3n del Guayas entre el 31 de diciembre y el 1 de enero. En uno de los casos, seis personas fueron asesinadas.<\/p>\n","protected":false},"author":1,"featured_media":12255,"comment_status":"open","ping_status":"open","sticky":false,"template":"","format":"standard","meta":{"footnotes":""},"categories":[16,1],"tags":[23],"class_list":["post-12253","post","type-post","status-publish","format-standard","has-post-thumbnail","hentry","category-cronica","category-uncategorized","tag-ecuador"],"_links":{"self":[{"href":"https:\/\/elmercuriomanta.ec\/index.php\/wp-json\/wp\/v2\/posts\/12253","targetHints":{"allow":["GET"]}}],"collection":[{"href":"https:\/\/elmercuriomanta.ec\/index.php\/wp-json\/wp\/v2\/posts"}],"about":[{"href":"https:\/\/elmercuriomanta.ec\/index.php\/wp-json\/wp\/v2\/types\/post"}],"author":[{"embeddable":true,"href":"https:\/\/elmercuriomanta.ec\/index.php\/wp-json\/wp\/v2\/users\/1"}],"replies":[{"embeddable":true,"href":"https:\/\/elmercuriomanta.ec\/index.php\/wp-json\/wp\/v2\/comments?post=12253"}],"version-history":[{"count":2,"href":"https:\/\/elmercuriomanta.ec\/index.php\/wp-json\/wp\/v2\/posts\/12253\/revisions"}],"predecessor-version":[{"id":12256,"href":"https:\/\/elmercuriomanta.ec\/index.php\/wp-json\/wp\/v2\/posts\/12253\/revisions\/12256"}],"wp:featuredmedia":[{"embeddable":true,"href":"https:\/\/elmercuriomanta.ec\/index.php\/wp-json\/wp\/v2\/media\/12255"}],"wp:attachment":[{"href":"https:\/\/elmercuriomanta.ec\/index.php\/wp-json\/wp\/v2\/media?parent=12253"}],"wp:term":[{"taxonomy":"category","embeddable":true,"href":"https:\/\/elmercuriomanta.ec\/index.php\/wp-json\/wp\/v2\/categories?post=12253"},{"taxonomy":"post_tag","embeddable":true,"href":"https:\/\/elmercuriomanta.ec\/index.php\/wp-json\/wp\/v2\/tags?post=12253"}],"curies":[{"name":"wp","href":"https:\/\/api.w.org\/{rel}","templated":true}]}}