{"id":12245,"date":"2024-01-02T11:00:30","date_gmt":"2024-01-02T16:00:30","guid":{"rendered":"https:\/\/elmercuriomanta.ec\/?p=12245"},"modified":"2024-01-02T11:00:32","modified_gmt":"2024-01-02T16:00:32","slug":"carlos-fernando-galan-asume-como-nuevo-alcalde","status":"publish","type":"post","link":"https:\/\/elmercuriomanta.ec\/index.php\/2024\/01\/02\/carlos-fernando-galan-asume-como-nuevo-alcalde\/","title":{"rendered":"Carlos Fernando gal\u00e1n asume como nuevo alcalde"},"content":{"rendered":"\n<figure class=\"wp-block-image aligncenter size-full is-resized\"><img fetchpriority=\"high\" decoding=\"async\" width=\"825\" height=\"495\" src=\"https:\/\/elmercuriomanta.ec\/wp-content\/uploads\/2024\/01\/image-23.png\" alt=\"\" class=\"wp-image-12247\" style=\"width:382px;height:auto\" srcset=\"https:\/\/elmercuriomanta.ec\/wp-content\/uploads\/2024\/01\/image-23.png 825w, https:\/\/elmercuriomanta.ec\/wp-content\/uploads\/2024\/01\/image-23-300x180.png 300w, https:\/\/elmercuriomanta.ec\/wp-content\/uploads\/2024\/01\/image-23-768x461.png 768w\" sizes=\"(max-width: 825px) 100vw, 825px\" \/><\/figure>\n\n\n\n<p>El exsenador Carlos Fernando Gal\u00e1n asumi\u00f3 este lunes como nuevo alcalde de Bogot\u00e1, en reemplazo de Claudia L\u00f3pez, con la promesa de que en su mandato de cuatro a\u00f1os buscar\u00e1 construir sobre lo construido para que la capital colombiana avance en la soluci\u00f3n de problemas como la inseguridad y la movilidad urbana.<\/p>\n\n\n\n<p>&nbsp;Gal\u00e1n, hijo menor del l\u00edder pol\u00edtico Luis Carlos Gal\u00e1n Sarmiento, asesinado por la mafia en 1989, no es el \u00fanico funcionario que comienza su mandato este lunes, tambi\u00e9n lo hacen otros 1 101 alcaldes y 32 gobernadores que fueron elegidos el pasado 29 de octubre. En la ceremonia de posesi\u00f3n, realizada en la c\u00e9ntrica Plaza de Bol\u00edvar de Bogot\u00e1, Gal\u00e1n asegur\u00f3 que su \u201csue\u00f1o, desde muy joven, fue ser alcalde de Bogot\u00e1\u201d, ciudad de 8 millones<\/p>\n","protected":false},"excerpt":{"rendered":"<p>El exsenador Carlos Fernando Gal\u00e1n asumi\u00f3 este lunes como nuevo alcalde de Bogot\u00e1, en reemplazo de Claudia L\u00f3pez, con la promesa de que en su mandato de cuatro a\u00f1os buscar\u00e1 construir sobre lo construido para que la capital colombiana avance en la soluci\u00f3n de problemas como la inseguridad y la movilidad urbana.<\/p>\n","protected":false},"author":1,"featured_media":12247,"comment_status":"open","ping_status":"open","sticky":false,"template":"","format":"standard","meta":{"footnotes":""},"categories":[8,1],"tags":[42],"class_list":["post-12245","post","type-post","status-publish","format-standard","has-post-thumbnail","hentry","category-internacional","category-uncategorized","tag-internacional"],"_links":{"self":[{"href":"https:\/\/elmercuriomanta.ec\/index.php\/wp-json\/wp\/v2\/posts\/12245","targetHints":{"allow":["GET"]}}],"collection":[{"href":"https:\/\/elmercuriomanta.ec\/index.php\/wp-json\/wp\/v2\/posts"}],"about":[{"href":"https:\/\/elmercuriomanta.ec\/index.php\/wp-json\/wp\/v2\/types\/post"}],"author":[{"embeddable":true,"href":"https:\/\/elmercuriomanta.ec\/index.php\/wp-json\/wp\/v2\/users\/1"}],"replies":[{"embeddable":true,"href":"https:\/\/elmercuriomanta.ec\/index.php\/wp-json\/wp\/v2\/comments?post=12245"}],"version-history":[{"count":2,"href":"https:\/\/elmercuriomanta.ec\/index.php\/wp-json\/wp\/v2\/posts\/12245\/revisions"}],"predecessor-version":[{"id":12248,"href":"https:\/\/elmercuriomanta.ec\/index.php\/wp-json\/wp\/v2\/posts\/12245\/revisions\/12248"}],"wp:featuredmedia":[{"embeddable":true,"href":"https:\/\/elmercuriomanta.ec\/index.php\/wp-json\/wp\/v2\/media\/12247"}],"wp:attachment":[{"href":"https:\/\/elmercuriomanta.ec\/index.php\/wp-json\/wp\/v2\/media?parent=12245"}],"wp:term":[{"taxonomy":"category","embeddable":true,"href":"https:\/\/elmercuriomanta.ec\/index.php\/wp-json\/wp\/v2\/categories?post=12245"},{"taxonomy":"post_tag","embeddable":true,"href":"https:\/\/elmercuriomanta.ec\/index.php\/wp-json\/wp\/v2\/tags?post=12245"}],"curies":[{"name":"wp","href":"https:\/\/api.w.org\/{rel}","templated":true}]}}