{"id":12057,"date":"2023-12-29T11:03:00","date_gmt":"2023-12-29T16:03:00","guid":{"rendered":"https:\/\/elmercuriomanta.ec\/?p=12057"},"modified":"2023-12-29T11:03:03","modified_gmt":"2023-12-29T16:03:03","slug":"a-un-taxista-le-detuvieron-la-marcha-a-balazos","status":"publish","type":"post","link":"https:\/\/elmercuriomanta.ec\/index.php\/2023\/12\/29\/a-un-taxista-le-detuvieron-la-marcha-a-balazos\/","title":{"rendered":"A un taxista le detuvieron la marcha a balazos"},"content":{"rendered":"\n<figure class=\"wp-block-image aligncenter size-large is-resized\"><img fetchpriority=\"high\" decoding=\"async\" width=\"1024\" height=\"616\" src=\"https:\/\/elmercuriomanta.ec\/wp-content\/uploads\/2023\/12\/image-350-1024x616.png\" alt=\"\" class=\"wp-image-12059\" style=\"width:365px;height:auto\" srcset=\"https:\/\/elmercuriomanta.ec\/wp-content\/uploads\/2023\/12\/image-350-1024x616.png 1024w, https:\/\/elmercuriomanta.ec\/wp-content\/uploads\/2023\/12\/image-350-300x181.png 300w, https:\/\/elmercuriomanta.ec\/wp-content\/uploads\/2023\/12\/image-350-768x462.png 768w, https:\/\/elmercuriomanta.ec\/wp-content\/uploads\/2023\/12\/image-350.png 1170w\" sizes=\"(max-width: 1024px) 100vw, 1024px\" \/><\/figure>\n\n\n\n<p>La violencia no cesa en el Distrito Manta que tambi\u00e9n comprende los cantones de Montecristi y Jaramij\u00f3. Esta \u00e1rea de la provincia de Manab\u00ed, seg\u00fan las estad\u00edsticas, ser\u00eda la zona con m\u00e1s hechos violentos. La ma\u00f1ana de este jueves 28 de diciembre de 2023, la \u2018pelona\u2019 se instal\u00f3 en esta jurisdicci\u00f3n.<\/p>\n\n\n\n<p>&nbsp;Al taxista identificado como Bryan Pazmi\u00f1o Giraldo, de 25 a\u00f1os, lo sorprendieron a balazos cuando conduc\u00eda el veh\u00edculo por la v\u00eda Circunvalaci\u00f3n de Manta. Ser\u00edan las 11:45 cuando al conductor lo atacaron unos sujetos que son buscados por la polic\u00eda. Tras el ataque, allegados de la v\u00edctima forcejearon con los uniformados que realizaban el procedimiento. Los parientes quer\u00edan trasladarlo lo m\u00e1s r\u00e1pido a una casa de salud asegurando que estaba con vida.<\/p>\n","protected":false},"excerpt":{"rendered":"<p>La violencia no cesa en el Distrito Manta que tambi\u00e9n comprende los cantones de Montecristi y Jaramij\u00f3. Esta \u00e1rea de la provincia de Manab\u00ed, seg\u00fan las estad\u00edsticas, ser\u00eda la zona con m\u00e1s hechos violentos. La ma\u00f1ana de este jueves 28 de diciembre de 2023, la \u2018pelona\u2019 se instal\u00f3 en esta jurisdicci\u00f3n.<\/p>\n","protected":false},"author":1,"featured_media":12059,"comment_status":"open","ping_status":"open","sticky":false,"template":"","format":"standard","meta":{"footnotes":""},"categories":[16,1],"tags":[38],"class_list":["post-12057","post","type-post","status-publish","format-standard","has-post-thumbnail","hentry","category-cronica","category-uncategorized","tag-manta"],"_links":{"self":[{"href":"https:\/\/elmercuriomanta.ec\/index.php\/wp-json\/wp\/v2\/posts\/12057","targetHints":{"allow":["GET"]}}],"collection":[{"href":"https:\/\/elmercuriomanta.ec\/index.php\/wp-json\/wp\/v2\/posts"}],"about":[{"href":"https:\/\/elmercuriomanta.ec\/index.php\/wp-json\/wp\/v2\/types\/post"}],"author":[{"embeddable":true,"href":"https:\/\/elmercuriomanta.ec\/index.php\/wp-json\/wp\/v2\/users\/1"}],"replies":[{"embeddable":true,"href":"https:\/\/elmercuriomanta.ec\/index.php\/wp-json\/wp\/v2\/comments?post=12057"}],"version-history":[{"count":2,"href":"https:\/\/elmercuriomanta.ec\/index.php\/wp-json\/wp\/v2\/posts\/12057\/revisions"}],"predecessor-version":[{"id":12060,"href":"https:\/\/elmercuriomanta.ec\/index.php\/wp-json\/wp\/v2\/posts\/12057\/revisions\/12060"}],"wp:featuredmedia":[{"embeddable":true,"href":"https:\/\/elmercuriomanta.ec\/index.php\/wp-json\/wp\/v2\/media\/12059"}],"wp:attachment":[{"href":"https:\/\/elmercuriomanta.ec\/index.php\/wp-json\/wp\/v2\/media?parent=12057"}],"wp:term":[{"taxonomy":"category","embeddable":true,"href":"https:\/\/elmercuriomanta.ec\/index.php\/wp-json\/wp\/v2\/categories?post=12057"},{"taxonomy":"post_tag","embeddable":true,"href":"https:\/\/elmercuriomanta.ec\/index.php\/wp-json\/wp\/v2\/tags?post=12057"}],"curies":[{"name":"wp","href":"https:\/\/api.w.org\/{rel}","templated":true}]}}