{"id":12047,"date":"2023-12-29T10:55:06","date_gmt":"2023-12-29T15:55:06","guid":{"rendered":"https:\/\/elmercuriomanta.ec\/?p=12047"},"modified":"2023-12-29T10:55:09","modified_gmt":"2023-12-29T15:55:09","slug":"maduro-ordena-accion-defensiva-en-el-atlantico","status":"publish","type":"post","link":"https:\/\/elmercuriomanta.ec\/index.php\/2023\/12\/29\/maduro-ordena-accion-defensiva-en-el-atlantico\/","title":{"rendered":"Maduro ordena \u201cacci\u00f3n defensiva\u201d en el Atl\u00e1ntico"},"content":{"rendered":"\n<figure class=\"wp-block-image aligncenter size-full is-resized\"><img fetchpriority=\"high\" decoding=\"async\" width=\"700\" height=\"402\" src=\"https:\/\/elmercuriomanta.ec\/wp-content\/uploads\/2023\/12\/image-347.png\" alt=\"\" class=\"wp-image-12049\" style=\"width:400px;height:auto\" srcset=\"https:\/\/elmercuriomanta.ec\/wp-content\/uploads\/2023\/12\/image-347.png 700w, https:\/\/elmercuriomanta.ec\/wp-content\/uploads\/2023\/12\/image-347-300x172.png 300w\" sizes=\"(max-width: 700px) 100vw, 700px\" \/><\/figure>\n\n\n\n<p>El presidente de Venezuela, Nicol\u00e1s Maduro, orden\u00f3 este jueves 28 de diciembre de 2023 una acci\u00f3n defensiva en el oc\u00e9ano Atl\u00e1ntico en respuesta a la llegada de un buque de guerra brit\u00e1nico a las costas de Guyana, lo que ha disparado nuevamente la tensi\u00f3n entre los pa\u00edses suramericanos que mantienen una disputa territorial.<\/p>\n\n\n\n<p>&nbsp;\u201cHe ordenado la activaci\u00f3n de una acci\u00f3n conjunta de toda la Fuerza Armada Nacional Bolivariana (FANB) sobre el Caribe oriental de Venezuela, sobre la fachada atl\u00e1ntica, una acci\u00f3n conjunta de car\u00e1cter defensivo como respuesta a la provocaci\u00f3n y a la amenaza del Reino Unido contra la paz y la soberan\u00eda de nuestro pa\u00eds\u201d, dijo el mandatario.<\/p>\n\n\n\n<p>&nbsp;El anuncio lo hizo frente a la c\u00fapula militar, durante una reuni\u00f3n que fue transmitida de manera obligatoria en la radio y televisi\u00f3n, en la que se comunic\u00f3 con un grupo de efectivos castrenses que concretaron \u201cla primera fase\u201d de esta operaci\u00f3n, lo que consisti\u00f3 en un despliegue sobre tierra y aguas del estado Sucre (noreste).<\/p>\n","protected":false},"excerpt":{"rendered":"<p>El presidente de Venezuela, Nicol\u00e1s Maduro, orden\u00f3 este jueves 28 de diciembre de 2023 una acci\u00f3n defensiva en el oc\u00e9ano Atl\u00e1ntico en respuesta a la llegada de un buque de guerra brit\u00e1nico a las costas de Guyana, lo que ha disparado nuevamente la tensi\u00f3n entre los pa\u00edses suramericanos que mantienen una disputa territorial.<\/p>\n","protected":false},"author":1,"featured_media":12049,"comment_status":"open","ping_status":"open","sticky":false,"template":"","format":"standard","meta":{"footnotes":""},"categories":[8,1],"tags":[42],"class_list":["post-12047","post","type-post","status-publish","format-standard","has-post-thumbnail","hentry","category-internacional","category-uncategorized","tag-internacional"],"_links":{"self":[{"href":"https:\/\/elmercuriomanta.ec\/index.php\/wp-json\/wp\/v2\/posts\/12047","targetHints":{"allow":["GET"]}}],"collection":[{"href":"https:\/\/elmercuriomanta.ec\/index.php\/wp-json\/wp\/v2\/posts"}],"about":[{"href":"https:\/\/elmercuriomanta.ec\/index.php\/wp-json\/wp\/v2\/types\/post"}],"author":[{"embeddable":true,"href":"https:\/\/elmercuriomanta.ec\/index.php\/wp-json\/wp\/v2\/users\/1"}],"replies":[{"embeddable":true,"href":"https:\/\/elmercuriomanta.ec\/index.php\/wp-json\/wp\/v2\/comments?post=12047"}],"version-history":[{"count":2,"href":"https:\/\/elmercuriomanta.ec\/index.php\/wp-json\/wp\/v2\/posts\/12047\/revisions"}],"predecessor-version":[{"id":12050,"href":"https:\/\/elmercuriomanta.ec\/index.php\/wp-json\/wp\/v2\/posts\/12047\/revisions\/12050"}],"wp:featuredmedia":[{"embeddable":true,"href":"https:\/\/elmercuriomanta.ec\/index.php\/wp-json\/wp\/v2\/media\/12049"}],"wp:attachment":[{"href":"https:\/\/elmercuriomanta.ec\/index.php\/wp-json\/wp\/v2\/media?parent=12047"}],"wp:term":[{"taxonomy":"category","embeddable":true,"href":"https:\/\/elmercuriomanta.ec\/index.php\/wp-json\/wp\/v2\/categories?post=12047"},{"taxonomy":"post_tag","embeddable":true,"href":"https:\/\/elmercuriomanta.ec\/index.php\/wp-json\/wp\/v2\/tags?post=12047"}],"curies":[{"name":"wp","href":"https:\/\/api.w.org\/{rel}","templated":true}]}}