{"id":12030,"date":"2023-12-29T10:41:53","date_gmt":"2023-12-29T15:41:53","guid":{"rendered":"https:\/\/elmercuriomanta.ec\/?p=12030"},"modified":"2023-12-29T10:41:56","modified_gmt":"2023-12-29T15:41:56","slug":"adultos-mayores-y-personas-con-discapacidad-esperan-la-devolucion-del-iva","status":"publish","type":"post","link":"https:\/\/elmercuriomanta.ec\/index.php\/2023\/12\/29\/adultos-mayores-y-personas-con-discapacidad-esperan-la-devolucion-del-iva\/","title":{"rendered":"Adultos mayores y personas con discapacidad esperan la devoluci\u00f3n del IVA"},"content":{"rendered":"\n<figure class=\"wp-block-image aligncenter size-large is-resized\"><img fetchpriority=\"high\" decoding=\"async\" width=\"1024\" height=\"574\" src=\"https:\/\/elmercuriomanta.ec\/wp-content\/uploads\/2023\/12\/image-342-1024x574.png\" alt=\"\" class=\"wp-image-12032\" style=\"width:454px;height:auto\" srcset=\"https:\/\/elmercuriomanta.ec\/wp-content\/uploads\/2023\/12\/image-342-1024x574.png 1024w, https:\/\/elmercuriomanta.ec\/wp-content\/uploads\/2023\/12\/image-342-300x168.png 300w, https:\/\/elmercuriomanta.ec\/wp-content\/uploads\/2023\/12\/image-342-768x430.png 768w, https:\/\/elmercuriomanta.ec\/wp-content\/uploads\/2023\/12\/image-342.png 1160w\" sizes=\"(max-width: 1024px) 100vw, 1024px\" \/><\/figure>\n\n\n\n<p>La falta de las devoluciones del Impuesto a Valor Agregado (IVA) a personas con discapacidad y adultos mayores causa malestar, varios ciudadanos se han quejado por el atraso de estos valores en la provincia de Manab\u00ed y a nivel nacional. Cientos de usuarios entre adultos mayores y personas con discapacidad, esperaron que por Navidad el Servicio de Rentas Internas (SRI) les devuelva el IVA, pero no fue as\u00ed.&nbsp;<\/p>\n\n\n\n<p>Dicha devoluci\u00f3n no se ha efectuado desde octubre tal y como le sucede a Mar\u00eda, quien hizo la solicitud de dicho mes y de noviembre, pero todav\u00eda no se la ha asignado. Al igual que ella, muchos esperan que les acrediten pues la devoluci\u00f3n del IVA es un beneficio tributario de car\u00e1cter personal previsto en la Ley a favor de las personas adultas mayores por el cual se restituye el valor del IVA pagado en la adquisici\u00f3n local de bienes y servicios de primera necesidad.<\/p>\n\n\n\n<p>&nbsp;Sin embargo, el SRI no se ha manifestado ni ha emitido un comunicado ni menos una soluci\u00f3n o fecha de pago, pese a los reclamos Dato El tr\u00e1mite normalmente lo hacen m\u00e1s de 500 mil personas a nivel nacional.<\/p>\n","protected":false},"excerpt":{"rendered":"<p>La falta de las devoluciones del Impuesto a Valor Agregado (IVA) a personas con discapacidad y adultos mayores causa malestar, varios ciudadanos se han quejado por el atraso de estos valores en la provincia de Manab\u00ed y a nivel nacional. Cientos de usuarios entre adultos mayores y personas con discapacidad, esperaron que por Navidad el Servicio de Rentas Internas (SRI) les devuelva el IVA, pero no fue as\u00ed.\u00a0<\/p>\n","protected":false},"author":1,"featured_media":12032,"comment_status":"open","ping_status":"open","sticky":false,"template":"","format":"standard","meta":{"footnotes":""},"categories":[21,20,1],"tags":[23],"class_list":["post-12030","post","type-post","status-publish","format-standard","has-post-thumbnail","hentry","category-noticia-del-dia","category-portada-2","category-uncategorized","tag-ecuador"],"_links":{"self":[{"href":"https:\/\/elmercuriomanta.ec\/index.php\/wp-json\/wp\/v2\/posts\/12030","targetHints":{"allow":["GET"]}}],"collection":[{"href":"https:\/\/elmercuriomanta.ec\/index.php\/wp-json\/wp\/v2\/posts"}],"about":[{"href":"https:\/\/elmercuriomanta.ec\/index.php\/wp-json\/wp\/v2\/types\/post"}],"author":[{"embeddable":true,"href":"https:\/\/elmercuriomanta.ec\/index.php\/wp-json\/wp\/v2\/users\/1"}],"replies":[{"embeddable":true,"href":"https:\/\/elmercuriomanta.ec\/index.php\/wp-json\/wp\/v2\/comments?post=12030"}],"version-history":[{"count":2,"href":"https:\/\/elmercuriomanta.ec\/index.php\/wp-json\/wp\/v2\/posts\/12030\/revisions"}],"predecessor-version":[{"id":12033,"href":"https:\/\/elmercuriomanta.ec\/index.php\/wp-json\/wp\/v2\/posts\/12030\/revisions\/12033"}],"wp:featuredmedia":[{"embeddable":true,"href":"https:\/\/elmercuriomanta.ec\/index.php\/wp-json\/wp\/v2\/media\/12032"}],"wp:attachment":[{"href":"https:\/\/elmercuriomanta.ec\/index.php\/wp-json\/wp\/v2\/media?parent=12030"}],"wp:term":[{"taxonomy":"category","embeddable":true,"href":"https:\/\/elmercuriomanta.ec\/index.php\/wp-json\/wp\/v2\/categories?post=12030"},{"taxonomy":"post_tag","embeddable":true,"href":"https:\/\/elmercuriomanta.ec\/index.php\/wp-json\/wp\/v2\/tags?post=12030"}],"curies":[{"name":"wp","href":"https:\/\/api.w.org\/{rel}","templated":true}]}}