{"id":12022,"date":"2023-12-29T10:33:11","date_gmt":"2023-12-29T15:33:11","guid":{"rendered":"https:\/\/elmercuriomanta.ec\/?p=12022"},"modified":"2023-12-29T10:33:14","modified_gmt":"2023-12-29T15:33:14","slug":"menos-desempleo-pero-una-alarmante-crisis-migratoria-en-2023","status":"publish","type":"post","link":"https:\/\/elmercuriomanta.ec\/index.php\/2023\/12\/29\/menos-desempleo-pero-una-alarmante-crisis-migratoria-en-2023\/","title":{"rendered":"Menos desempleo, pero una alarmante crisis migratoria en 2023"},"content":{"rendered":"\n<figure class=\"wp-block-image aligncenter size-full is-resized\"><img fetchpriority=\"high\" decoding=\"async\" width=\"825\" height=\"495\" src=\"https:\/\/elmercuriomanta.ec\/wp-content\/uploads\/2023\/12\/image-340.png\" alt=\"\" class=\"wp-image-12024\" style=\"width:453px;height:auto\" srcset=\"https:\/\/elmercuriomanta.ec\/wp-content\/uploads\/2023\/12\/image-340.png 825w, https:\/\/elmercuriomanta.ec\/wp-content\/uploads\/2023\/12\/image-340-300x180.png 300w, https:\/\/elmercuriomanta.ec\/wp-content\/uploads\/2023\/12\/image-340-768x461.png 768w\" sizes=\"(max-width: 825px) 100vw, 825px\" \/><\/figure>\n\n\n\n<p>En los \u00faltimos cincuenta a\u00f1os, el pa\u00eds ha vivido pol\u00edticamente entre dictaduras militares, civiles, nacionalistas hasta antes de la llegada del periodo democr\u00e1tico, sin que ning\u00fan modelo logre establecer una econom\u00eda s\u00f3lida. Esto ha ocasionado que durante d\u00e9cadas Ecuador no haya podido mejorar las cifras de pobreza, desempleo, mendicidad, y desde el nuevo siglo, la migraci\u00f3n es otro fen\u00f3meno que parece imposible de frenar durante las \u00faltimos 20 a\u00f1os.&nbsp;<\/p>\n\n\n\n<p>Desde la crisis financiera, hasta la fecha, la gente ha dejado el pa\u00eds precisamente por el desempleo, pobreza y falta de oportunidades. En 1999 se fueron 300 mil ecuatorianos, para el 2017, 738 mil, y en el 2023 se calcula que dejaron el pa\u00eds 870 mil personas. Este 2023 en lo social, aunque algunos n\u00fameros van a la alza y otros disminuyen, la desatenci\u00f3n que se ha ido sumando a\u00f1o tras a\u00f1o, se traduce en indicadores con consecuencias que preocupan.&nbsp;<\/p>\n\n\n\n<p>Hasta junio de 2023, las cifras m\u00e1s actuales del Instituto de estad\u00edsticas y Censos (INEC), la pobreza aumenta en Ecuador y alcanza al 27 % de la poblaci\u00f3n. La pobreza y la pobreza extrema aumentaron en el primer semestre de 2023 en Ecuador, llegando al 27,0 % y 10,8 % en el corte de junio, respectivamente, de acuerdo a las cifras entregadas por el INEC a trav\u00e9s de resultados que parten de la Encuesta Nacional de Empleo, Desempleo y Subempleo (ENEMDU).&nbsp;<\/p>\n\n\n\n<p>Para este c\u00e1lculo se fij\u00f3 una l\u00ednea de pobreza que se establece en USD 89,29 mensuales per c\u00e1pita, mientras que la l\u00ednea de pobreza extrema qued\u00f3 en USD 50,32 mensuales per c\u00e1pita. Lo que se traduce en que una persona en condici\u00f3n de pobreza es considerada aquella que tiene un promedio de ingresos menor a USD 2,97 por d\u00eda, mientras que un ciudadano en condici\u00f3n de pobreza extrema por ingresos debe enfrentar su d\u00eda con apenas USD 1,67 o menos.&nbsp;<\/p>\n\n\n\n<p>Las cifras de pobreza representan un incremento del 2,0 % en relaci\u00f3n a junio de 2022. De tal forma que en el \u00e1rea urbana, la pobreza pas\u00f3 de 16,7 % en junio 2022 a 18,0 % en junio 2023, y en el \u00e1rea rural la pobreza lleg\u00f3 a 46,4 %, frente a los n\u00fameros del a\u00f1o anterior que revelaron un 42,9 %. Al hablar de desempleo, el a\u00f1o 2023 muestra cambios. Ese indicador baj\u00f3, a tal punto que de acuerdo al INEC, en agosto del 2023 el 3,5 % de la poblaci\u00f3n econ\u00f3micamente activa (PEA) no ten\u00eda trabajo, en comparaci\u00f3n al 2022 que se mantuvo en el 4 %.&nbsp;<\/p>\n\n\n\n<p>El Instituto Nacional de Estad\u00edstica y Censos revel\u00f3 a trav\u00e9s de la ENEMDU que la tasa de desempleo fue fluctuando en el transcurso de 2023 ya que por ejemplo, mayo arroj\u00f3 un 3,2 %; junio, 3,8 %; julio, 3,7 %; y en agosto alcanz\u00f3 el 3,5 %. Sin embargo, las autoridades explicaron que el descenso de 0,5 % en un a\u00f1o es considerado como una reducci\u00f3n no significativa. Y al tabularla por \u00e1rea, la tasa de desempleo fue de 4,5 % para la zona urbana, mientras que para la rural fue de 1,4 %. Otras cifras como el empleo adecuado tambi\u00e9n mejoraron con respecto al 2022, al subir a 35 %, tras iniciar el a\u00f1o en 33,3 %. As\u00ed, los datos entregados por el INEC indican que de los 8 507 480 de los ciudadanos dentro de la poblaci\u00f3n econ\u00f3micamente activa, 8 211 821 son personas con empleo, de los cuales casi tres millones tienen un trabajo donde ganan m\u00e1s del salario m\u00ednimo.&nbsp;<\/p>\n\n\n\n<p>Para estad\u00edsticas como el subempleo tambi\u00e9n hay variaciones, ya que el \u00faltimo informe lo mantiene en el 21,2 % en 2023 versus el 23,1 % del 2022. Y el empleo no remunerado vari\u00f3 de manera insignificante bajando de 10,5 % este a\u00f1o a 10,7 % en 2022.<\/p>\n","protected":false},"excerpt":{"rendered":"<p>En los \u00faltimos cincuenta a\u00f1os, el pa\u00eds ha vivido pol\u00edticamente entre dictaduras militares, civiles, nacionalistas hasta antes de la llegada del periodo democr\u00e1tico, sin que ning\u00fan modelo logre establecer una econom\u00eda s\u00f3lida. Esto ha ocasionado que durante d\u00e9cadas Ecuador no haya podido mejorar las cifras de pobreza, desempleo, mendicidad, y desde el nuevo siglo, la migraci\u00f3n es otro fen\u00f3meno que parece imposible de frenar durante las \u00faltimos 20 a\u00f1os.\u00a0<\/p>\n","protected":false},"author":1,"featured_media":12024,"comment_status":"open","ping_status":"open","sticky":false,"template":"","format":"standard","meta":{"footnotes":""},"categories":[20,1],"tags":[23],"class_list":["post-12022","post","type-post","status-publish","format-standard","has-post-thumbnail","hentry","category-portada-2","category-uncategorized","tag-ecuador"],"_links":{"self":[{"href":"https:\/\/elmercuriomanta.ec\/index.php\/wp-json\/wp\/v2\/posts\/12022","targetHints":{"allow":["GET"]}}],"collection":[{"href":"https:\/\/elmercuriomanta.ec\/index.php\/wp-json\/wp\/v2\/posts"}],"about":[{"href":"https:\/\/elmercuriomanta.ec\/index.php\/wp-json\/wp\/v2\/types\/post"}],"author":[{"embeddable":true,"href":"https:\/\/elmercuriomanta.ec\/index.php\/wp-json\/wp\/v2\/users\/1"}],"replies":[{"embeddable":true,"href":"https:\/\/elmercuriomanta.ec\/index.php\/wp-json\/wp\/v2\/comments?post=12022"}],"version-history":[{"count":2,"href":"https:\/\/elmercuriomanta.ec\/index.php\/wp-json\/wp\/v2\/posts\/12022\/revisions"}],"predecessor-version":[{"id":12025,"href":"https:\/\/elmercuriomanta.ec\/index.php\/wp-json\/wp\/v2\/posts\/12022\/revisions\/12025"}],"wp:featuredmedia":[{"embeddable":true,"href":"https:\/\/elmercuriomanta.ec\/index.php\/wp-json\/wp\/v2\/media\/12024"}],"wp:attachment":[{"href":"https:\/\/elmercuriomanta.ec\/index.php\/wp-json\/wp\/v2\/media?parent=12022"}],"wp:term":[{"taxonomy":"category","embeddable":true,"href":"https:\/\/elmercuriomanta.ec\/index.php\/wp-json\/wp\/v2\/categories?post=12022"},{"taxonomy":"post_tag","embeddable":true,"href":"https:\/\/elmercuriomanta.ec\/index.php\/wp-json\/wp\/v2\/tags?post=12022"}],"curies":[{"name":"wp","href":"https:\/\/api.w.org\/{rel}","templated":true}]}}