{"id":11966,"date":"2023-12-28T11:11:45","date_gmt":"2023-12-28T16:11:45","guid":{"rendered":"https:\/\/elmercuriomanta.ec\/?p=11966"},"modified":"2023-12-28T11:11:48","modified_gmt":"2023-12-28T16:11:48","slug":"latacunga-registro-las-temperaturas-mas-bajas-del-pais","status":"publish","type":"post","link":"https:\/\/elmercuriomanta.ec\/index.php\/2023\/12\/28\/latacunga-registro-las-temperaturas-mas-bajas-del-pais\/","title":{"rendered":"Latacunga registr\u00f3 las temperaturas m\u00e1s bajas del pa\u00eds"},"content":{"rendered":"\n<figure class=\"wp-block-image aligncenter size-full is-resized\"><img fetchpriority=\"high\" decoding=\"async\" width=\"290\" height=\"174\" src=\"https:\/\/elmercuriomanta.ec\/wp-content\/uploads\/2023\/12\/image-329.png\" alt=\"\" class=\"wp-image-11968\" style=\"width:502px;height:auto\"\/><\/figure>\n\n\n\n<p>Nuevamente, la ciudad de Latacunga, en la provincia de Cotopaxi, es la m\u00e1s fr\u00eda del Ecuador. En 2023, esta zona registr\u00f3 las temperaturas m\u00e1s bajas en seis de los 12 meses del a\u00f1o, seg\u00fan registros del Instituto de Meteorolog\u00eda e Hidrolog\u00eda (Inamhi). Los datos recopilados por la entidad, entre el 1 de enero y el 12 de diciembre del a\u00f1o en curso, muestran temperaturas de hasta -2,1\u00b0 cent\u00edgrados. Las m\u00e1s bajas fueron:<\/p>\n\n\n\n<p>\u2022 Enero: 1\u00b0<\/p>\n\n\n\n<p>\u2022 Marzo: 1,4\u00b0<\/p>\n\n\n\n<p>\u2022 Julio: 1,2\u00b0 \u2022 Agosto: -1,1\u00b0<\/p>\n\n\n\n<p>\u2022 Septiembre: -2,1\u00b0<\/p>\n\n\n\n<p>\u2022 Octubre: 0,8\u00b0<\/p>\n\n\n\n<p>Las bajas temperaturas, seg\u00fan explic\u00f3 el Inamhi, se debe principalmente a la altitud y su ubicaci\u00f3n geogr\u00e1fica. En 2019, por ejemplo, Latacunga tambi\u00e9n fue la ciudad m\u00e1s fr\u00eda del pa\u00eds, pero no la \u00fanica. Generalmente, se suman otras como Papallacta, en la provincia del Napo, o San Gabriel, en el Carchi.<\/p>\n","protected":false},"excerpt":{"rendered":"<p>Nuevamente, la ciudad de Latacunga, en la provincia de Cotopaxi, es la m\u00e1s fr\u00eda del Ecuador. En 2023, esta zona registr\u00f3 las temperaturas m\u00e1s bajas en seis de los 12 meses del a\u00f1o, seg\u00fan registros del Instituto de Meteorolog\u00eda e Hidrolog\u00eda (Inamhi). Los datos recopilados por la entidad, entre el 1 de enero y el 12 de diciembre del a\u00f1o en curso, muestran temperaturas de hasta -2,1\u00b0 cent\u00edgrados. Las m\u00e1s bajas fueron:<\/p>\n","protected":false},"author":1,"featured_media":11968,"comment_status":"open","ping_status":"open","sticky":false,"template":"","format":"standard","meta":{"footnotes":""},"categories":[1],"tags":[23],"class_list":["post-11966","post","type-post","status-publish","format-standard","has-post-thumbnail","hentry","category-uncategorized","tag-ecuador"],"_links":{"self":[{"href":"https:\/\/elmercuriomanta.ec\/index.php\/wp-json\/wp\/v2\/posts\/11966","targetHints":{"allow":["GET"]}}],"collection":[{"href":"https:\/\/elmercuriomanta.ec\/index.php\/wp-json\/wp\/v2\/posts"}],"about":[{"href":"https:\/\/elmercuriomanta.ec\/index.php\/wp-json\/wp\/v2\/types\/post"}],"author":[{"embeddable":true,"href":"https:\/\/elmercuriomanta.ec\/index.php\/wp-json\/wp\/v2\/users\/1"}],"replies":[{"embeddable":true,"href":"https:\/\/elmercuriomanta.ec\/index.php\/wp-json\/wp\/v2\/comments?post=11966"}],"version-history":[{"count":1,"href":"https:\/\/elmercuriomanta.ec\/index.php\/wp-json\/wp\/v2\/posts\/11966\/revisions"}],"predecessor-version":[{"id":11969,"href":"https:\/\/elmercuriomanta.ec\/index.php\/wp-json\/wp\/v2\/posts\/11966\/revisions\/11969"}],"wp:featuredmedia":[{"embeddable":true,"href":"https:\/\/elmercuriomanta.ec\/index.php\/wp-json\/wp\/v2\/media\/11968"}],"wp:attachment":[{"href":"https:\/\/elmercuriomanta.ec\/index.php\/wp-json\/wp\/v2\/media?parent=11966"}],"wp:term":[{"taxonomy":"category","embeddable":true,"href":"https:\/\/elmercuriomanta.ec\/index.php\/wp-json\/wp\/v2\/categories?post=11966"},{"taxonomy":"post_tag","embeddable":true,"href":"https:\/\/elmercuriomanta.ec\/index.php\/wp-json\/wp\/v2\/tags?post=11966"}],"curies":[{"name":"wp","href":"https:\/\/api.w.org\/{rel}","templated":true}]}}