{"id":11953,"date":"2023-12-28T11:03:13","date_gmt":"2023-12-28T16:03:13","guid":{"rendered":"https:\/\/elmercuriomanta.ec\/?p=11953"},"modified":"2023-12-28T11:03:16","modified_gmt":"2023-12-28T16:03:16","slug":"trabajadores-del-gad-pajan-cierran-la-via-colimes-guayaquil","status":"publish","type":"post","link":"https:\/\/elmercuriomanta.ec\/index.php\/2023\/12\/28\/trabajadores-del-gad-pajan-cierran-la-via-colimes-guayaquil\/","title":{"rendered":"Trabajadores del Gad Paj\u00e1n cierran la v\u00eda Colimes \u2013 Guayaquil"},"content":{"rendered":"\n<figure class=\"wp-block-image aligncenter size-full is-resized\"><img fetchpriority=\"high\" decoding=\"async\" width=\"296\" height=\"170\" src=\"https:\/\/elmercuriomanta.ec\/wp-content\/uploads\/2023\/12\/image-326.png\" alt=\"\" class=\"wp-image-11955\" style=\"width:418px;height:auto\"\/><\/figure>\n\n\n\n<p>La v\u00eda que conecta a las provincias de Manab\u00ed con Guayas, a la altura del ingreso a Colimes, del cant\u00f3n Paj\u00e1n, fue obstaculizada por un grupo de trabajadores municipales desde la ma\u00f1ana de este mi\u00e9rcoles 27 de diciembre. La acci\u00f3n se da en reclamo al Gobierno Nacional. Entre gritos piden el pago de los haberes pendientes al cabildo local.<\/p>\n\n\n\n<p>Los trabajadores aseguran que no han recibido los valores del d\u00e9cimo, mes de noviembre y no hay noticias alentadoras cuando est\u00e1 por terminar el presente mes. \u201cYa diciembre est\u00e1 por terminar y no hay una noticia alentadora. Tenemos deudas y los bancos no perdonan, no esperan, no comprenden. Eso nos oblig\u00f3 a tomar esta decisi\u00f3n, siempre de forma pac\u00edfica como lo permite la ley\u201d, exclam\u00f3 un obrero. En el sitio ya se observa filas de carros que tuvieron que frenar su destino debido al inesperado cierre. Esta v\u00eda es estrat\u00e9gica para las actividades comerciales entre las provincias de Manab\u00ed y Guayas.<\/p>\n\n\n\n<p><\/p>\n","protected":false},"excerpt":{"rendered":"<p>La v\u00eda que conecta a las provincias de Manab\u00ed con Guayas, a la altura del ingreso a Colimes, del cant\u00f3n Paj\u00e1n, fue obstaculizada por un grupo de trabajadores municipales desde la ma\u00f1ana de este mi\u00e9rcoles 27 de diciembre. La acci\u00f3n se da en reclamo al Gobierno Nacional. Entre gritos piden el pago de los haberes pendientes al cabildo local.<\/p>\n","protected":false},"author":1,"featured_media":11955,"comment_status":"open","ping_status":"open","sticky":false,"template":"","format":"standard","meta":{"footnotes":""},"categories":[1],"tags":[23,29],"class_list":["post-11953","post","type-post","status-publish","format-standard","has-post-thumbnail","hentry","category-uncategorized","tag-ecuador","tag-manabi"],"_links":{"self":[{"href":"https:\/\/elmercuriomanta.ec\/index.php\/wp-json\/wp\/v2\/posts\/11953","targetHints":{"allow":["GET"]}}],"collection":[{"href":"https:\/\/elmercuriomanta.ec\/index.php\/wp-json\/wp\/v2\/posts"}],"about":[{"href":"https:\/\/elmercuriomanta.ec\/index.php\/wp-json\/wp\/v2\/types\/post"}],"author":[{"embeddable":true,"href":"https:\/\/elmercuriomanta.ec\/index.php\/wp-json\/wp\/v2\/users\/1"}],"replies":[{"embeddable":true,"href":"https:\/\/elmercuriomanta.ec\/index.php\/wp-json\/wp\/v2\/comments?post=11953"}],"version-history":[{"count":1,"href":"https:\/\/elmercuriomanta.ec\/index.php\/wp-json\/wp\/v2\/posts\/11953\/revisions"}],"predecessor-version":[{"id":11960,"href":"https:\/\/elmercuriomanta.ec\/index.php\/wp-json\/wp\/v2\/posts\/11953\/revisions\/11960"}],"wp:featuredmedia":[{"embeddable":true,"href":"https:\/\/elmercuriomanta.ec\/index.php\/wp-json\/wp\/v2\/media\/11955"}],"wp:attachment":[{"href":"https:\/\/elmercuriomanta.ec\/index.php\/wp-json\/wp\/v2\/media?parent=11953"}],"wp:term":[{"taxonomy":"category","embeddable":true,"href":"https:\/\/elmercuriomanta.ec\/index.php\/wp-json\/wp\/v2\/categories?post=11953"},{"taxonomy":"post_tag","embeddable":true,"href":"https:\/\/elmercuriomanta.ec\/index.php\/wp-json\/wp\/v2\/tags?post=11953"}],"curies":[{"name":"wp","href":"https:\/\/api.w.org\/{rel}","templated":true}]}}