{"id":11852,"date":"2023-12-27T10:34:57","date_gmt":"2023-12-27T15:34:57","guid":{"rendered":"https:\/\/elmercuriomanta.ec\/?p=11852"},"modified":"2023-12-27T10:35:00","modified_gmt":"2023-12-27T15:35:00","slug":"unos-900-empleados-del-hospital-verdi-cevallos-estan-si-sueldo-ni-decimo","status":"publish","type":"post","link":"https:\/\/elmercuriomanta.ec\/index.php\/2023\/12\/27\/unos-900-empleados-del-hospital-verdi-cevallos-estan-si-sueldo-ni-decimo\/","title":{"rendered":"Unos 900 empleados del Hospital Verdi Cevallos est\u00e1n si sueldo ni d\u00e9cimo"},"content":{"rendered":"\n<figure class=\"wp-block-image aligncenter size-full is-resized\"><img fetchpriority=\"high\" decoding=\"async\" width=\"259\" height=\"195\" src=\"https:\/\/elmercuriomanta.ec\/wp-content\/uploads\/2023\/12\/image-313.png\" alt=\"\" class=\"wp-image-11853\" style=\"width:419px;height:auto\"\/><\/figure>\n\n\n\n<p>Autoridades del Hospital Verdi Cevallos, de Portoviejo, Manab\u00ed, se reunieron con sus funcionarios que reclaman el \u00faltimo mes de sueldo y el d\u00e9cimo, asegur\u00f3 personal de esta instituci\u00f3n. En dicha reuni\u00f3n tambi\u00e9n particip\u00f3 el coordinador Zonal 4 \u2013 Salud, Gian Carlos Ponce. En este espacio escuch\u00f3 a los funcionarios y les conmin\u00f3 a \u201crealizar un trabajo en equipo desde \u00e9sta y dem\u00e1s instituciones sanitarias para mejorar el sistema y atenci\u00f3n en salud\u201d.<\/p>\n\n\n\n<p>Sin embargo, existe gran preocupaci\u00f3n en los trabajadores, pues son m\u00e1s de 900 empleados, desde camilleros hasta asistentes, entre otros, quienes esperan estos pagos. Ellos exigen sus ingresos correspondientes por su trabajo antes de que termine el a\u00f1o, indicaron.<\/p>\n","protected":false},"excerpt":{"rendered":"<p>Autoridades del Hospital Verdi Cevallos, de Portoviejo, Manab\u00ed, se reunieron con sus funcionarios que reclaman el \u00faltimo mes de sueldo y el d\u00e9cimo, asegur\u00f3 personal de esta instituci\u00f3n. En dicha reuni\u00f3n tambi\u00e9n particip\u00f3 el coordinador Zonal 4 \u2013 Salud, Gian Carlos Ponce. En este espacio escuch\u00f3 a los funcionarios y les conmin\u00f3 a \u201crealizar un trabajo en equipo desde \u00e9sta y dem\u00e1s instituciones sanitarias para mejorar el sistema y atenci\u00f3n en salud\u201d.<\/p>\n","protected":false},"author":1,"featured_media":11853,"comment_status":"open","ping_status":"open","sticky":false,"template":"","format":"standard","meta":{"footnotes":""},"categories":[1],"tags":[29],"class_list":["post-11852","post","type-post","status-publish","format-standard","has-post-thumbnail","hentry","category-uncategorized","tag-manabi"],"_links":{"self":[{"href":"https:\/\/elmercuriomanta.ec\/index.php\/wp-json\/wp\/v2\/posts\/11852","targetHints":{"allow":["GET"]}}],"collection":[{"href":"https:\/\/elmercuriomanta.ec\/index.php\/wp-json\/wp\/v2\/posts"}],"about":[{"href":"https:\/\/elmercuriomanta.ec\/index.php\/wp-json\/wp\/v2\/types\/post"}],"author":[{"embeddable":true,"href":"https:\/\/elmercuriomanta.ec\/index.php\/wp-json\/wp\/v2\/users\/1"}],"replies":[{"embeddable":true,"href":"https:\/\/elmercuriomanta.ec\/index.php\/wp-json\/wp\/v2\/comments?post=11852"}],"version-history":[{"count":1,"href":"https:\/\/elmercuriomanta.ec\/index.php\/wp-json\/wp\/v2\/posts\/11852\/revisions"}],"predecessor-version":[{"id":11854,"href":"https:\/\/elmercuriomanta.ec\/index.php\/wp-json\/wp\/v2\/posts\/11852\/revisions\/11854"}],"wp:featuredmedia":[{"embeddable":true,"href":"https:\/\/elmercuriomanta.ec\/index.php\/wp-json\/wp\/v2\/media\/11853"}],"wp:attachment":[{"href":"https:\/\/elmercuriomanta.ec\/index.php\/wp-json\/wp\/v2\/media?parent=11852"}],"wp:term":[{"taxonomy":"category","embeddable":true,"href":"https:\/\/elmercuriomanta.ec\/index.php\/wp-json\/wp\/v2\/categories?post=11852"},{"taxonomy":"post_tag","embeddable":true,"href":"https:\/\/elmercuriomanta.ec\/index.php\/wp-json\/wp\/v2\/tags?post=11852"}],"curies":[{"name":"wp","href":"https:\/\/api.w.org\/{rel}","templated":true}]}}