{"id":11826,"date":"2023-12-27T09:36:54","date_gmt":"2023-12-27T14:36:54","guid":{"rendered":"https:\/\/elmercuriomanta.ec\/?p=11826"},"modified":"2023-12-27T09:36:56","modified_gmt":"2023-12-27T14:36:56","slug":"consejos-para-evitar-contagiarse-de-pirola","status":"publish","type":"post","link":"https:\/\/elmercuriomanta.ec\/index.php\/2023\/12\/27\/consejos-para-evitar-contagiarse-de-pirola\/","title":{"rendered":"Consejos para evitar contagiarse de pirola"},"content":{"rendered":"\n<figure class=\"wp-block-image aligncenter size-full is-resized\"><img fetchpriority=\"high\" decoding=\"async\" width=\"825\" height=\"495\" src=\"https:\/\/elmercuriomanta.ec\/wp-content\/uploads\/2023\/12\/image-307.png\" alt=\"\" class=\"wp-image-11827\" style=\"width:390px;height:auto\" srcset=\"https:\/\/elmercuriomanta.ec\/wp-content\/uploads\/2023\/12\/image-307.png 825w, https:\/\/elmercuriomanta.ec\/wp-content\/uploads\/2023\/12\/image-307-300x180.png 300w, https:\/\/elmercuriomanta.ec\/wp-content\/uploads\/2023\/12\/image-307-768x461.png 768w\" sizes=\"(max-width: 825px) 100vw, 825px\" \/><\/figure>\n\n\n\n<p>Con base en las indicaciones emitidas por la Organizaci\u00f3n Mundial de la Salud (OMS) ante la presencia de un caso en Quito de la variante del covid-19, denominada BA.2.86 (Pirola), la Secretar\u00eda de Salud del Municipio present\u00f3 las siguientes medidas de prevenci\u00f3n para la ciudadan\u00eda: \u2022 Oficinas, escuelas, residencias de adultos mayores, albergues u otros sitios cerrados deben mantenerse ventilados.&nbsp;<\/p>\n\n\n\n<p>\u2022 El uso de mascarilla es obligatorio en personas que presenten s\u00edntomas respiratorios. \u2022 Los lugares con aglomeraciones deben ser evitados por quienes tienen s\u00edntomas respiratorios. Los ni\u00f1os de edad escolar con s\u00edntomas respiratorios y fiebre no deben asistir a clases. \u2022 Los esquemas de vacunaci\u00f3n contra el covid-19 deben ser completados. Los infantes desde los seis meses hasta los siete a\u00f1os, adultos mayores a partir de los 65 a\u00f1os, mujeres embarazadas y en per\u00edodo de lactancia, personal de salud, personas con discapacidad y sus cuidadores, personas con enfermedades cr\u00f3nicas e inmunosupresi\u00f3n, tienen que ser inmunizarse.<\/p>\n\n\n\n<p>&nbsp;\u2022 Cubrirse la boca al toser y estornudar con un pa\u00f1uelo desechable o con antebrazo. \u2022 Lavado frecuente de manos con agua y jab\u00f3n por al menos 20 segundos. \u2022 No compartir vajilla y utensilios al comer y beber. \u2022 Si presenta una sensaci\u00f3n de falta de aire, tos, dolor de garganta, dolor en el pecho al toser o al respirar, fatiga extrema o debilidad generalizada, y una temperatura corporal persistente superior a 38,5 busque atenci\u00f3n m\u00e9dica.&nbsp;<\/p>\n\n\n\n<p>\u2022 No automedicarse. Los epidemi\u00f3logos explican que la observaci\u00f3n inicial de los casos de Pirola no sugiere un cambio en la presentaci\u00f3n cl\u00ednica, mantiene los s\u00edntomas respiratorios como dolor: de garganta, de cabeza y muscular, fiebre, p\u00e9rdida de olfato, tos o agravar la enfermedad. En Quito -seg\u00fan datos oficiales- se ha registrado un incremento de casos de covid-19, desde inicios de noviembre, con una positividad del 15% que aument\u00f3 a 19,59% para la primera semana de diciembre de 2023. Los grupos m\u00e1s afectados son los adultos mayores y la poblaci\u00f3n en edad de trabajar, de 19 a 39 a\u00f1os.<\/p>\n","protected":false},"excerpt":{"rendered":"<p>on base en las indicaciones emitidas por la Organizaci\u00f3n Mundial de la Salud (OMS) ante la presencia de un caso en Quito de la variante del covid-19, denominada BA.2.86 (Pirola), la Secretar\u00eda de Salud del Municipio present\u00f3 las siguientes medidas de prevenci\u00f3n para la ciudadan\u00eda<\/p>\n","protected":false},"author":1,"featured_media":11827,"comment_status":"open","ping_status":"open","sticky":false,"template":"","format":"standard","meta":{"footnotes":""},"categories":[83,1],"tags":[23],"class_list":["post-11826","post","type-post","status-publish","format-standard","has-post-thumbnail","hentry","category-sucesos","category-uncategorized","tag-ecuador"],"_links":{"self":[{"href":"https:\/\/elmercuriomanta.ec\/index.php\/wp-json\/wp\/v2\/posts\/11826","targetHints":{"allow":["GET"]}}],"collection":[{"href":"https:\/\/elmercuriomanta.ec\/index.php\/wp-json\/wp\/v2\/posts"}],"about":[{"href":"https:\/\/elmercuriomanta.ec\/index.php\/wp-json\/wp\/v2\/types\/post"}],"author":[{"embeddable":true,"href":"https:\/\/elmercuriomanta.ec\/index.php\/wp-json\/wp\/v2\/users\/1"}],"replies":[{"embeddable":true,"href":"https:\/\/elmercuriomanta.ec\/index.php\/wp-json\/wp\/v2\/comments?post=11826"}],"version-history":[{"count":2,"href":"https:\/\/elmercuriomanta.ec\/index.php\/wp-json\/wp\/v2\/posts\/11826\/revisions"}],"predecessor-version":[{"id":11908,"href":"https:\/\/elmercuriomanta.ec\/index.php\/wp-json\/wp\/v2\/posts\/11826\/revisions\/11908"}],"wp:featuredmedia":[{"embeddable":true,"href":"https:\/\/elmercuriomanta.ec\/index.php\/wp-json\/wp\/v2\/media\/11827"}],"wp:attachment":[{"href":"https:\/\/elmercuriomanta.ec\/index.php\/wp-json\/wp\/v2\/media?parent=11826"}],"wp:term":[{"taxonomy":"category","embeddable":true,"href":"https:\/\/elmercuriomanta.ec\/index.php\/wp-json\/wp\/v2\/categories?post=11826"},{"taxonomy":"post_tag","embeddable":true,"href":"https:\/\/elmercuriomanta.ec\/index.php\/wp-json\/wp\/v2\/tags?post=11826"}],"curies":[{"name":"wp","href":"https:\/\/api.w.org\/{rel}","templated":true}]}}