{"id":11774,"date":"2023-12-26T15:28:34","date_gmt":"2023-12-26T20:28:34","guid":{"rendered":"https:\/\/elmercuriomanta.ec\/?p=11774"},"modified":"2023-12-26T15:28:37","modified_gmt":"2023-12-26T20:28:37","slug":"hernan-barcos-se-nacionaliza-peruano-me-enamore-del-pais","status":"publish","type":"post","link":"https:\/\/elmercuriomanta.ec\/index.php\/2023\/12\/26\/hernan-barcos-se-nacionaliza-peruano-me-enamore-del-pais\/","title":{"rendered":"HERN\u00c1N BARCOS SE NACIONALIZA PERUANO: \u201cME ENAMOR\u00c9 DEL PA\u00cdS\u201d"},"content":{"rendered":"\n<figure class=\"wp-block-image aligncenter size-large is-resized\"><img fetchpriority=\"high\" decoding=\"async\" width=\"1024\" height=\"574\" src=\"https:\/\/elmercuriomanta.ec\/wp-content\/uploads\/2023\/12\/Hernan-Barcos-Peru-1024x574.jpg\" alt=\"\" class=\"wp-image-11775\" style=\"width:401px;height:auto\" srcset=\"https:\/\/elmercuriomanta.ec\/wp-content\/uploads\/2023\/12\/Hernan-Barcos-Peru-1024x574.jpg 1024w, https:\/\/elmercuriomanta.ec\/wp-content\/uploads\/2023\/12\/Hernan-Barcos-Peru-300x168.jpg 300w, https:\/\/elmercuriomanta.ec\/wp-content\/uploads\/2023\/12\/Hernan-Barcos-Peru-768x430.jpg 768w, https:\/\/elmercuriomanta.ec\/wp-content\/uploads\/2023\/12\/Hernan-Barcos-Peru.jpg 1160w\" sizes=\"(max-width: 1024px) 100vw, 1024px\" \/><\/figure>\n\n\n\n<p>El delantero argentino Hern\u00e1n \u2018El pirata\u2019 Barcos se nacionaliz\u00f3 peruano, en una ceremonia celebrada en la Superintendencia Nacional de Migraciones, en la que tambi\u00e9n recibieron la nacionalidad el argentino Mart\u00edn P\u00e9rez Guedes y el uruguayo Leandro Sosa Toranza. Hern\u00e1n Barcos juega en Alianza Lima desde 2021, P\u00e9rez Guedes lo hace en el Universitario de Deportes, tras llegar al f\u00fatbol peruano en 2021 para defender al San Mart\u00edn, y Sosa milita en el Sporting Cristal, luego de arribar a Per\u00fa en 2020 para unirse al Ayacucho F.C. Al t\u00e9rmino de la actividad, Barcos se declar\u00f3 \u201cmuy emocionado y feliz\u201d y asegur\u00f3 que decidi\u00f3 ser peruano \u201cno solo por el f\u00fatbol y lo que puedo dejar en tema al deporte, sino que esto va m\u00e1s all\u00e1, porque mi intenci\u00f3n es dejar mi granito de arena para ayudar a crecer a las personas en la sociedad\u201d.<\/p>\n","protected":false},"excerpt":{"rendered":"<p>El delantero argentino Hern\u00e1n \u2018El pirata\u2019 Barcos se nacionaliz\u00f3 peruano, en una ceremonia celebrada en la Superintendencia Nacional de Migraciones, en la que tambi\u00e9n recibieron la nacionalidad el argentino Mart\u00edn P\u00e9rez Guedes y el uruguayo Leandro Sosa Toranza. <\/p>\n","protected":false},"author":1,"featured_media":0,"comment_status":"open","ping_status":"open","sticky":false,"template":"","format":"standard","meta":{"footnotes":""},"categories":[9],"tags":[],"class_list":["post-11774","post","type-post","status-publish","format-standard","hentry","category-deportes"],"_links":{"self":[{"href":"https:\/\/elmercuriomanta.ec\/index.php\/wp-json\/wp\/v2\/posts\/11774","targetHints":{"allow":["GET"]}}],"collection":[{"href":"https:\/\/elmercuriomanta.ec\/index.php\/wp-json\/wp\/v2\/posts"}],"about":[{"href":"https:\/\/elmercuriomanta.ec\/index.php\/wp-json\/wp\/v2\/types\/post"}],"author":[{"embeddable":true,"href":"https:\/\/elmercuriomanta.ec\/index.php\/wp-json\/wp\/v2\/users\/1"}],"replies":[{"embeddable":true,"href":"https:\/\/elmercuriomanta.ec\/index.php\/wp-json\/wp\/v2\/comments?post=11774"}],"version-history":[{"count":1,"href":"https:\/\/elmercuriomanta.ec\/index.php\/wp-json\/wp\/v2\/posts\/11774\/revisions"}],"predecessor-version":[{"id":11776,"href":"https:\/\/elmercuriomanta.ec\/index.php\/wp-json\/wp\/v2\/posts\/11774\/revisions\/11776"}],"wp:attachment":[{"href":"https:\/\/elmercuriomanta.ec\/index.php\/wp-json\/wp\/v2\/media?parent=11774"}],"wp:term":[{"taxonomy":"category","embeddable":true,"href":"https:\/\/elmercuriomanta.ec\/index.php\/wp-json\/wp\/v2\/categories?post=11774"},{"taxonomy":"post_tag","embeddable":true,"href":"https:\/\/elmercuriomanta.ec\/index.php\/wp-json\/wp\/v2\/tags?post=11774"}],"curies":[{"name":"wp","href":"https:\/\/api.w.org\/{rel}","templated":true}]}}