{"id":11751,"date":"2023-12-25T10:51:05","date_gmt":"2023-12-25T15:51:05","guid":{"rendered":"https:\/\/elmercuriomanta.ec\/?p=11751"},"modified":"2023-12-25T10:51:07","modified_gmt":"2023-12-25T15:51:07","slug":"todo-el-mundo-estaba-en-shock","status":"publish","type":"post","link":"https:\/\/elmercuriomanta.ec\/index.php\/2023\/12\/25\/todo-el-mundo-estaba-en-shock\/","title":{"rendered":"\u00abTodo el mundo estaba en shock\u00bb"},"content":{"rendered":"\n<figure class=\"wp-block-image aligncenter size-full is-resized\"><img fetchpriority=\"high\" decoding=\"async\" width=\"275\" height=\"183\" src=\"https:\/\/elmercuriomanta.ec\/wp-content\/uploads\/2023\/12\/image-292.png\" alt=\"\" class=\"wp-image-11752\" style=\"width:353px;height:auto\"\/><\/figure>\n\n\n\n<p>El pasado 21 de diciembre se report\u00f3 un tiroteo en la Universidad Carolina en Praga, capital de la Rep\u00fablica Checa que dej\u00f3 15 muertos y 25 heridos. Fanny Acero, colombiana residente en la Rep\u00fablica Checa, fue testigo de lo ocurrido mientras estaba en un caf\u00e9 a pocos metros de la Facultad de Filosof\u00eda, donde un sujeto abri\u00f3 fuego indiscriminadamente. En charla con el medio Caracol Radio, la colombiana, quien trabaja como gu\u00eda tur\u00edstica de la ciudad, cont\u00f3 lo que vivi\u00f3 desde su perspectiva cuando en pleno centro de la capital, un hombre, identificado como David K., un estudiante de 24 a\u00f1os, desat\u00f3 el p\u00e1nico al empezar a disparar a sus compa\u00f1eros. Seg\u00fan las autoridades, los hechos ocurrieron alrededor de las 2:30 de la tarde.<\/p>\n\n\n\n<p>Varios estudiantes y ciudadanos que se encontraban dentro de las instalaciones documentaron lo ocurrido en videos que fueron reposteados en redes sociales. Fanny Acero cont\u00f3 al medio de comunicaci\u00f3n nacional que se encontraba a unos metros de la Plaza de Jan Palach, de la Facultad de la Universidad de Carolina, dentro de un comercio de caf\u00e9. Observ\u00f3 a polic\u00edas llegando acordonar la zona y minutos despu\u00e9s se empezaron a o\u00edr los disparos. \u201cTan pronto pas\u00f3, me retir\u00e9 de la ventana y le ped\u00ed a los turistas que estaban alrededor, aunque no estuvieran conmigo, que no salieran. Yo me fui para la parte de atr\u00e1s del caf\u00e9 porque no quer\u00eda poner en riesgo mi vida por una bala p\u00e9rdida\u201d, dijo. Al parecer la joven habr\u00eda llegado media hora antes a la calle. Ella se encontraba leyendo mensajes en su tel\u00e9fono cuando los hechos ocurrieron.<\/p>\n","protected":false},"excerpt":{"rendered":"<p>El pasado 21 de diciembre se report\u00f3 un tiroteo en la Universidad Carolina en Praga, capital de la Rep\u00fablica Checa que dej\u00f3 15 muertos y 25 heridos. Fanny Acero, colombiana residente en la Rep\u00fablica Checa, fue testigo de lo ocurrido mientras estaba en un caf\u00e9 a pocos metros de la Facultad de Filosof\u00eda, donde un sujeto abri\u00f3 fuego indiscriminadamente. En charla con el medio Caracol Radio, la colombiana, quien trabaja como gu\u00eda tur\u00edstica de la ciudad, cont\u00f3 lo que vivi\u00f3 desde su perspectiva cuando en pleno centro de la capital, un hombre, identificado como David K., un estudiante de 24 a\u00f1os, desat\u00f3 el p\u00e1nico al empezar a disparar a sus compa\u00f1eros. Seg\u00fan las autoridades, los hechos ocurrieron alrededor de las 2:30 de la tarde.<\/p>\n","protected":false},"author":1,"featured_media":11752,"comment_status":"open","ping_status":"open","sticky":false,"template":"","format":"standard","meta":{"footnotes":""},"categories":[8],"tags":[],"class_list":["post-11751","post","type-post","status-publish","format-standard","has-post-thumbnail","hentry","category-internacional"],"_links":{"self":[{"href":"https:\/\/elmercuriomanta.ec\/index.php\/wp-json\/wp\/v2\/posts\/11751","targetHints":{"allow":["GET"]}}],"collection":[{"href":"https:\/\/elmercuriomanta.ec\/index.php\/wp-json\/wp\/v2\/posts"}],"about":[{"href":"https:\/\/elmercuriomanta.ec\/index.php\/wp-json\/wp\/v2\/types\/post"}],"author":[{"embeddable":true,"href":"https:\/\/elmercuriomanta.ec\/index.php\/wp-json\/wp\/v2\/users\/1"}],"replies":[{"embeddable":true,"href":"https:\/\/elmercuriomanta.ec\/index.php\/wp-json\/wp\/v2\/comments?post=11751"}],"version-history":[{"count":1,"href":"https:\/\/elmercuriomanta.ec\/index.php\/wp-json\/wp\/v2\/posts\/11751\/revisions"}],"predecessor-version":[{"id":11753,"href":"https:\/\/elmercuriomanta.ec\/index.php\/wp-json\/wp\/v2\/posts\/11751\/revisions\/11753"}],"wp:featuredmedia":[{"embeddable":true,"href":"https:\/\/elmercuriomanta.ec\/index.php\/wp-json\/wp\/v2\/media\/11752"}],"wp:attachment":[{"href":"https:\/\/elmercuriomanta.ec\/index.php\/wp-json\/wp\/v2\/media?parent=11751"}],"wp:term":[{"taxonomy":"category","embeddable":true,"href":"https:\/\/elmercuriomanta.ec\/index.php\/wp-json\/wp\/v2\/categories?post=11751"},{"taxonomy":"post_tag","embeddable":true,"href":"https:\/\/elmercuriomanta.ec\/index.php\/wp-json\/wp\/v2\/tags?post=11751"}],"curies":[{"name":"wp","href":"https:\/\/api.w.org\/{rel}","templated":true}]}}