{"id":11736,"date":"2023-12-25T10:25:34","date_gmt":"2023-12-25T15:25:34","guid":{"rendered":"https:\/\/elmercuriomanta.ec\/?p=11736"},"modified":"2023-12-25T10:25:36","modified_gmt":"2023-12-25T15:25:36","slug":"mies-activa-campana-derechos-con-dignidad","status":"publish","type":"post","link":"https:\/\/elmercuriomanta.ec\/index.php\/2023\/12\/25\/mies-activa-campana-derechos-con-dignidad\/","title":{"rendered":"MIES activa Campa\u00f1a Derechos con Dignidad"},"content":{"rendered":"\n<figure class=\"wp-block-image aligncenter size-full is-resized\"><img fetchpriority=\"high\" decoding=\"async\" width=\"259\" height=\"194\" src=\"https:\/\/elmercuriomanta.ec\/wp-content\/uploads\/2023\/12\/image-287.png\" alt=\"\" class=\"wp-image-11737\" style=\"width:387px;height:auto\"\/><\/figure>\n\n\n\n<p>El Ministerio de Inclusi\u00f3n Econ\u00f3mica y Social, como el ente rector de la pol\u00edtica p\u00fablica en materia de Protecci\u00f3n social, tiene por misi\u00f3n: \u201cDefinir y ejecutar pol\u00edticas, estrategias, planes, programas, proyectos y servicios de calidad y con calidez, para la inclusi\u00f3n econ\u00f3mica y social, con \u00e9nfasis en los grupos de atenci\u00f3n prioritaria y la poblaci\u00f3n que se encuentra en situaci\u00f3n de pobreza y vulnerabilidad As\u00ed, a la Subsecretar\u00eda de Protecci\u00f3n Especial, a trav\u00e9s de la Gesti\u00f3n de Prevenci\u00f3n de Vulnerabilidad de Derecho, anualmente se construye e implementa la Campa\u00f1a Nacional para la Prevenci\u00f3n, Atenci\u00f3n y Protecci\u00f3n de las Personas en Situaci\u00f3n de Mendicidad y Trabajo Infantil, cuyo objetivo busca Desnaturalizar las pr\u00e1cticas culturales, atentatorias y vulneradoras de derechos de grupos de atenci\u00f3n prioritaria para disminuir el n\u00famero de personas en situaci\u00f3n de trabajo infantil y mendicidad a trav\u00e9s de acciones de concienciaci\u00f3n sobre la corresponsabilidad de la comunidad, familia y Estado.<\/p>\n\n\n\n<p>La campa\u00f1a es una estrategia temporal que refuerza los servicios de Erradicaci\u00f3n del Trabajo Infantil (ETI) y Erradicaci\u00f3n Progresiva de la Mendicidad, que se ejecutan durante todo el a\u00f1o. Servicio de Erradicaci\u00f3n del trabajo infantil, Brinda una atenci\u00f3n integral, a trav\u00e9s del levantamiento de un diagn\u00f3stico socioecon\u00f3mico y la aplicaci\u00f3n de instrumentos t\u00e9cnicos especializados, que incluyen visitas domiciliarias y encuentros mensuales. El MIES lidera la campa\u00f1a Derechos con Dignidad en el nuevo Ecuador como parte de la estrategia nacional para prevenir la mendicidad y trabajo infantil, la cual ejecuta acciones de sensibilizaci\u00f3n y contenci\u00f3n a escala nacional con las que se pretende atender a m\u00e1s de 120.000 personas que se encuentran en estas problem\u00e1ticas; se espera la participaci\u00f3n y asistencia de personas de la sociedad civil en estos espacios.<\/p>\n\n\n\n<p>Adem\u00e1s, en las oficinas del MIES Manta se estar\u00e1n receptando donaciones de v\u00edveres no predecibles, Kit de ropa, Juegues, Etc. La poblaci\u00f3n participante en la campa\u00f1a est\u00e1n dentro de los grupos de atenci\u00f3n prioritaria que reza en el Art. 35 de la constituci\u00f3n de la Rep\u00fablica del Ecuador y espec\u00edficamente: Ni\u00f1as, ni\u00f1os, adolescentes, adultos mayores y personas con discapacidad en:<\/p>\n\n\n\n<p>\u2022 S i t u a c i \u00f3 n de trabajo infantil.<\/p>\n\n\n\n<p>\u2022 Que utilicen la mendicidad como medio de vida.<\/p>\n\n\n\n<p>\u2022 Que mendigan temporalmente por la \u00e9poca de navidad y fin de a\u00f1o.<\/p>\n\n\n\n<p>\u2022 Personas habitantes de calle<\/p>\n\n\n\n<p>\u2022 Trata con fines de explotaci\u00f3n laboral o mendicidad.<\/p>\n\n\n\n<p>\u2022 Personas en movilidad humana, que realizan mendicidad La abogada Ana Intriago Miranda, directora del MIES Distrito Manta, Montecristi, Jaramij\u00f3, menciono que desde el MIES se coordina para la donaci\u00f3n de alimentos no perecibles, ropa y juguetes (en buen estado) y confites con empresas privadas y ciudadan\u00eda.<\/p>\n\n\n\n<p>Horarios y fechas de atenci\u00f3n: Los puntos de donaciones se activan del 1 al 31 de diciembre de 2023 de 8H00 a 16h30; en las Oficinas del Distrito Manta.<\/p>\n","protected":false},"excerpt":{"rendered":"<p>El Ministerio de Inclusi\u00f3n Econ\u00f3mica y Social, como el ente rector de la pol\u00edtica p\u00fablica en materia de Protecci\u00f3n social, tiene por misi\u00f3n: \u201cDefinir y ejecutar pol\u00edticas, estrategias, planes, programas, proyectos y servicios de calidad y con calidez, para la inclusi\u00f3n econ\u00f3mica y social, con \u00e9nfasis en los grupos de atenci\u00f3n prioritaria y la poblaci\u00f3n que se encuentra en situaci\u00f3n de pobreza y vulnerabilidad As\u00ed, a la Subsecretar\u00eda de Protecci\u00f3n Especial, a trav\u00e9s de la Gesti\u00f3n de Prevenci\u00f3n de Vulnerabilidad de Derecho, anualmente se construye e implementa la Campa\u00f1a Nacional para la Prevenci\u00f3n, Atenci\u00f3n y Protecci\u00f3n de las Personas en Situaci\u00f3n de Mendicidad y Trabajo Infantil, cuyo objetivo busca Desnaturalizar las pr\u00e1cticas culturales, atentatorias y vulneradoras de derechos de grupos de atenci\u00f3n prioritaria para disminuir el n\u00famero de personas en situaci\u00f3n de trabajo infantil y mendicidad a trav\u00e9s de acciones de concienciaci\u00f3n sobre la corresponsabilidad de la comunidad, familia y Estado.<\/p>\n","protected":false},"author":1,"featured_media":11737,"comment_status":"open","ping_status":"open","sticky":false,"template":"","format":"standard","meta":{"footnotes":""},"categories":[1],"tags":[23,29],"class_list":["post-11736","post","type-post","status-publish","format-standard","has-post-thumbnail","hentry","category-uncategorized","tag-ecuador","tag-manabi"],"_links":{"self":[{"href":"https:\/\/elmercuriomanta.ec\/index.php\/wp-json\/wp\/v2\/posts\/11736","targetHints":{"allow":["GET"]}}],"collection":[{"href":"https:\/\/elmercuriomanta.ec\/index.php\/wp-json\/wp\/v2\/posts"}],"about":[{"href":"https:\/\/elmercuriomanta.ec\/index.php\/wp-json\/wp\/v2\/types\/post"}],"author":[{"embeddable":true,"href":"https:\/\/elmercuriomanta.ec\/index.php\/wp-json\/wp\/v2\/users\/1"}],"replies":[{"embeddable":true,"href":"https:\/\/elmercuriomanta.ec\/index.php\/wp-json\/wp\/v2\/comments?post=11736"}],"version-history":[{"count":1,"href":"https:\/\/elmercuriomanta.ec\/index.php\/wp-json\/wp\/v2\/posts\/11736\/revisions"}],"predecessor-version":[{"id":11738,"href":"https:\/\/elmercuriomanta.ec\/index.php\/wp-json\/wp\/v2\/posts\/11736\/revisions\/11738"}],"wp:featuredmedia":[{"embeddable":true,"href":"https:\/\/elmercuriomanta.ec\/index.php\/wp-json\/wp\/v2\/media\/11737"}],"wp:attachment":[{"href":"https:\/\/elmercuriomanta.ec\/index.php\/wp-json\/wp\/v2\/media?parent=11736"}],"wp:term":[{"taxonomy":"category","embeddable":true,"href":"https:\/\/elmercuriomanta.ec\/index.php\/wp-json\/wp\/v2\/categories?post=11736"},{"taxonomy":"post_tag","embeddable":true,"href":"https:\/\/elmercuriomanta.ec\/index.php\/wp-json\/wp\/v2\/tags?post=11736"}],"curies":[{"name":"wp","href":"https:\/\/api.w.org\/{rel}","templated":true}]}}