{"id":11709,"date":"2023-12-24T10:16:39","date_gmt":"2023-12-24T15:16:39","guid":{"rendered":"https:\/\/elmercuriomanta.ec\/?p=11709"},"modified":"2023-12-24T10:16:41","modified_gmt":"2023-12-24T15:16:41","slug":"tribunal-ratifica-la-condena-de-10-anos-de-prision-para-jeanine-anez","status":"publish","type":"post","link":"https:\/\/elmercuriomanta.ec\/index.php\/2023\/12\/24\/tribunal-ratifica-la-condena-de-10-anos-de-prision-para-jeanine-anez\/","title":{"rendered":"Tribunal ratifica la condena de 10 a\u00f1os de prisi\u00f3n para Jeanine \u00c1\u00f1ez"},"content":{"rendered":"\n<figure class=\"wp-block-image aligncenter size-full is-resized\"><img fetchpriority=\"high\" decoding=\"async\" width=\"290\" height=\"174\" src=\"https:\/\/elmercuriomanta.ec\/wp-content\/uploads\/2023\/12\/image-282.png\" alt=\"\" class=\"wp-image-11710\" style=\"width:441px;height:auto\"\/><\/figure>\n\n\n\n<p>El Tribunal Supremo de Justicia (TSJ) de Bolivia, la m\u00e1xima instancia judicial del pa\u00eds, ratific\u00f3 este viernes 22 de diciembre la condena de 10 a\u00f1os de prisi\u00f3n contra la exmandataria transitoria Jeanine \u00c1\u00f1ez (2019-2020) por la forma en que asumi\u00f3 la Presidencia interina del pa\u00eds en 2019. El abogado Luis Guill\u00e9n, uno de los defensores de \u00c1\u00f1ez, dijo a la agencia de noticias EFE que \u201cs\u00ed se ha confirmado por parte del Tribunal Supremo de Justicia la sentencia emitida contra la exmandataria\u201d. Guill\u00e9n record\u00f3 que dentro del ordenamiento jur\u00eddico interno, esta era \u201cla \u00faltima instancia\u201d a la cual se pod\u00eda recurrir para anular la condena, aunque a\u00fan quedan \u201cdiferentes recursos que se pueden interponer, como una revisi\u00f3n extraordinaria de sentencia y amparos contra la misma resoluci\u00f3n\u201d. El abogado se\u00f1al\u00f3 que el equipo jur\u00eddico ver\u00e1 \u201ccu\u00e1les son las mejores opciones\u201d para continuar la defensa de la expresidenta, aunque consider\u00f3 que \u201clo m\u00e1s pertinente va a ser acudir a la v\u00eda internacional\u201d.<\/p>\n\n\n\n<p>En el auto supremo judicial, difundido por algunos medios locales, la Sala Plena del TSJ declar\u00f3 \u201cinfundado\u201d el recurso de casaci\u00f3n presentado hace unos meses por la defensa de \u00c1\u00f1ez para intentar anular la sentencia que le fue impuesta el a\u00f1o pasado. La Justicia determin\u00f3 en junio de 2022 dar 10 a\u00f1os de c\u00e1rcel a la expresidenta interina por el caso \u201cgolpe de Estado II\u201d en el que los principales acusadores son la Fiscal\u00eda, la Procuradur\u00eda General del Estado y el Ministerio de Gobierno que consideraron que \u00c1\u00f1ez asumi\u00f3 indebidamente la Presidencia durante la crisis pol\u00edtica de 2019.<\/p>\n\n\n\n<p>La defensa de \u00c1\u00f1ez argument\u00f3 que accedi\u00f3 a la Presidencia en su condici\u00f3n de segunda vicepresidenta del Senado a causa del \u201cvac\u00edo de poder\u201d tras la renuncia del entonces mandatario, Evo Morales, su vicepresidente y las cabezas del Senado y la C\u00e1mara de Diputados. \u00c1\u00f1ez est\u00e1 detenida preventivamente en una c\u00e1rcel en La Paz desde marzo de 2021 por otro caso conocido como \u201cgolpe de Estado I\u201d, acusada por delitos de terrorismo, sedici\u00f3n y conspiraci\u00f3n, tambi\u00e9n por la crisis de 2019. La exgobernante transitoria tiene al menos otros siete procesos abiertos en la justicia ordinaria.<\/p>\n","protected":false},"excerpt":{"rendered":"<p>El Tribunal Supremo de Justicia (TSJ) de Bolivia, la m\u00e1xima instancia judicial del pa\u00eds, ratific\u00f3 este viernes 22 de diciembre la condena de 10 a\u00f1os de prisi\u00f3n contra la exmandataria transitoria Jeanine \u00c1\u00f1ez (2019-2020) por la forma en que asumi\u00f3 la Presidencia interina del pa\u00eds en 2019. El abogado Luis Guill\u00e9n, uno de los defensores de \u00c1\u00f1ez, dijo a la agencia de noticias EFE que \u201cs\u00ed se ha confirmado por parte del Tribunal Supremo de Justicia la sentencia emitida contra la exmandataria\u201d. Guill\u00e9n record\u00f3 que dentro del ordenamiento jur\u00eddico interno, esta era \u201cla \u00faltima instancia\u201d a la cual se pod\u00eda recurrir para anular la condena, aunque a\u00fan quedan \u201cdiferentes recursos que se pueden interponer, como una revisi\u00f3n extraordinaria de sentencia y amparos contra la misma resoluci\u00f3n\u201d. El abogado se\u00f1al\u00f3 que el equipo jur\u00eddico ver\u00e1 \u201ccu\u00e1les son las mejores opciones\u201d para continuar la defensa de la expresidenta, aunque consider\u00f3 que \u201clo m\u00e1s pertinente va a ser acudir a la v\u00eda internacional\u201d.<\/p>\n","protected":false},"author":1,"featured_media":11710,"comment_status":"open","ping_status":"open","sticky":false,"template":"","format":"standard","meta":{"footnotes":""},"categories":[8],"tags":[],"class_list":["post-11709","post","type-post","status-publish","format-standard","has-post-thumbnail","hentry","category-internacional"],"_links":{"self":[{"href":"https:\/\/elmercuriomanta.ec\/index.php\/wp-json\/wp\/v2\/posts\/11709","targetHints":{"allow":["GET"]}}],"collection":[{"href":"https:\/\/elmercuriomanta.ec\/index.php\/wp-json\/wp\/v2\/posts"}],"about":[{"href":"https:\/\/elmercuriomanta.ec\/index.php\/wp-json\/wp\/v2\/types\/post"}],"author":[{"embeddable":true,"href":"https:\/\/elmercuriomanta.ec\/index.php\/wp-json\/wp\/v2\/users\/1"}],"replies":[{"embeddable":true,"href":"https:\/\/elmercuriomanta.ec\/index.php\/wp-json\/wp\/v2\/comments?post=11709"}],"version-history":[{"count":1,"href":"https:\/\/elmercuriomanta.ec\/index.php\/wp-json\/wp\/v2\/posts\/11709\/revisions"}],"predecessor-version":[{"id":11711,"href":"https:\/\/elmercuriomanta.ec\/index.php\/wp-json\/wp\/v2\/posts\/11709\/revisions\/11711"}],"wp:featuredmedia":[{"embeddable":true,"href":"https:\/\/elmercuriomanta.ec\/index.php\/wp-json\/wp\/v2\/media\/11710"}],"wp:attachment":[{"href":"https:\/\/elmercuriomanta.ec\/index.php\/wp-json\/wp\/v2\/media?parent=11709"}],"wp:term":[{"taxonomy":"category","embeddable":true,"href":"https:\/\/elmercuriomanta.ec\/index.php\/wp-json\/wp\/v2\/categories?post=11709"},{"taxonomy":"post_tag","embeddable":true,"href":"https:\/\/elmercuriomanta.ec\/index.php\/wp-json\/wp\/v2\/tags?post=11709"}],"curies":[{"name":"wp","href":"https:\/\/api.w.org\/{rel}","templated":true}]}}