{"id":1136,"date":"2023-06-16T17:05:05","date_gmt":"2023-06-16T17:05:05","guid":{"rendered":"https:\/\/elmercuriomanta.ec\/?p=1136"},"modified":"2023-06-16T17:05:05","modified_gmt":"2023-06-16T17:05:05","slug":"nelson-videla-dirigira-interinamente-a-aucas","status":"publish","type":"post","link":"https:\/\/elmercuriomanta.ec\/index.php\/2023\/06\/16\/nelson-videla-dirigira-interinamente-a-aucas\/","title":{"rendered":"Nelson Videla dirigir\u00e1 interinamente a Aucas"},"content":{"rendered":"\n<p>La dirigencia de Sociedad Deportiva Aucas confirm\u00f3 la separaci\u00f3n del entrenador venezolano C\u00e9sar Far\u00edas, \u00abpor justa causa\u00bb.<\/p>\n\n\n\n<p>Far\u00edas recibi\u00f3 una sanci\u00f3n por parte de LigaPro de 14 meses sin poder dirigir, luego de que el pasado fin de semana agrediera a dos jugadores de Delf\u00edn, durante el campeonato nacional. <\/p>\n\n\n\n<p>El estratega venezolano deja al cuadro oriental, luego de varios meses consiguiendo malos resultados, pero con el membrete de haber alcanzado el \u00fanico t\u00edtulo nacional en la historia del club en la temporada 2022.<\/p>\n\n\n\n<figure class=\"wp-block-image size-large is-resized\"><img fetchpriority=\"high\" decoding=\"async\" src=\"https:\/\/elmercuriomanta.ec\/wp-content\/uploads\/2023\/06\/comunicado-aucas-838x1024.jpg\" alt=\"\" class=\"wp-image-1138\" width=\"645\" height=\"788\" srcset=\"https:\/\/elmercuriomanta.ec\/wp-content\/uploads\/2023\/06\/comunicado-aucas-838x1024.jpg 838w, https:\/\/elmercuriomanta.ec\/wp-content\/uploads\/2023\/06\/comunicado-aucas-245x300.jpg 245w, https:\/\/elmercuriomanta.ec\/wp-content\/uploads\/2023\/06\/comunicado-aucas-768x939.jpg 768w, https:\/\/elmercuriomanta.ec\/wp-content\/uploads\/2023\/06\/comunicado-aucas.jpg 1080w\" sizes=\"(max-width: 645px) 100vw, 645px\" \/><\/figure>\n\n\n\n<p>La dirigencia tambi\u00e9n confirm\u00f3 que el argentino Nelson Videla ser\u00e1 el director t\u00e9cnico interino, hasta que se oficialice al nuevo estratega. Videla trabaja en las divisiones formativas del actual campe\u00f3n nacional.<\/p>\n\n\n\n<p>Aucas es octavo en la tabla de posiciones con 21 puntos, luego de 14 fecha jugadas de la primera etapa.<\/p>\n\n\n\n<figure class=\"wp-block-embed is-type-rich is-provider-twitter wp-block-embed-twitter\"><div class=\"wp-block-embed__wrapper\">\n<blockquote class=\"twitter-tweet\" data-width=\"550\" data-dnt=\"true\"><p lang=\"es\" dir=\"ltr\">\ud83d\udfe1 Atenci\u00f3n | Informamos que el profesor Nelson Videla, quien actualmente se desempe\u00f1a en el \u00e1rea de formativas, asumir\u00e1 la direcci\u00f3n t\u00e9cnica interina del primer equipo hasta que se defina la llegada del nuevo cuerpo t\u00e9cnico. <a href=\"https:\/\/twitter.com\/hashtag\/LaNuevaHistoria?src=hash&amp;ref_src=twsrc%5Etfw\">#LaNuevaHistoria<\/a><a href=\"https:\/\/twitter.com\/hashtag\/VamosPorM%C3%A1s?src=hash&amp;ref_src=twsrc%5Etfw\">#VamosPorM\u00e1s<\/a><a href=\"https:\/\/twitter.com\/hashtag\/Aucas2023?src=hash&amp;ref_src=twsrc%5Etfw\">#Aucas2023<\/a>\ud83d\udc9b\u2764\ufe0f<\/p>&mdash; S. D. Aucas Oficial (@Aucas45) <a href=\"https:\/\/twitter.com\/Aucas45\/status\/1669523443811770368?ref_src=twsrc%5Etfw\">June 16, 2023<\/a><\/blockquote><script async src=\"https:\/\/platform.twitter.com\/widgets.js\" charset=\"utf-8\"><\/script>\n<\/div><\/figure>\n\n\n\n<p><\/p>\n","protected":false},"excerpt":{"rendered":"<p>La dirigencia de Sociedad Deportiva Aucas confirm\u00f3 la separaci\u00f3n del entrenador venezolano C\u00e9sar Far\u00edas, \u00abpor justa causa\u00bb. Far\u00edas recibi\u00f3 una sanci\u00f3n por parte de LigaPro de 14 meses sin poder dirigir, luego de que el pasado fin de semana agrediera a dos jugadores de Delf\u00edn, durante el campeonato nacional. El estratega venezolano deja al cuadro [&hellip;]<\/p>\n","protected":false},"author":12,"featured_media":1144,"comment_status":"open","ping_status":"open","sticky":false,"template":"","format":"standard","meta":{"footnotes":""},"categories":[9],"tags":[],"class_list":["post-1136","post","type-post","status-publish","format-standard","has-post-thumbnail","hentry","category-deportes"],"_links":{"self":[{"href":"https:\/\/elmercuriomanta.ec\/index.php\/wp-json\/wp\/v2\/posts\/1136","targetHints":{"allow":["GET"]}}],"collection":[{"href":"https:\/\/elmercuriomanta.ec\/index.php\/wp-json\/wp\/v2\/posts"}],"about":[{"href":"https:\/\/elmercuriomanta.ec\/index.php\/wp-json\/wp\/v2\/types\/post"}],"author":[{"embeddable":true,"href":"https:\/\/elmercuriomanta.ec\/index.php\/wp-json\/wp\/v2\/users\/12"}],"replies":[{"embeddable":true,"href":"https:\/\/elmercuriomanta.ec\/index.php\/wp-json\/wp\/v2\/comments?post=1136"}],"version-history":[{"count":0,"href":"https:\/\/elmercuriomanta.ec\/index.php\/wp-json\/wp\/v2\/posts\/1136\/revisions"}],"wp:featuredmedia":[{"embeddable":true,"href":"https:\/\/elmercuriomanta.ec\/index.php\/wp-json\/wp\/v2\/media\/1144"}],"wp:attachment":[{"href":"https:\/\/elmercuriomanta.ec\/index.php\/wp-json\/wp\/v2\/media?parent=1136"}],"wp:term":[{"taxonomy":"category","embeddable":true,"href":"https:\/\/elmercuriomanta.ec\/index.php\/wp-json\/wp\/v2\/categories?post=1136"},{"taxonomy":"post_tag","embeddable":true,"href":"https:\/\/elmercuriomanta.ec\/index.php\/wp-json\/wp\/v2\/tags?post=1136"}],"curies":[{"name":"wp","href":"https:\/\/api.w.org\/{rel}","templated":true}]}}