{"id":1131,"date":"2023-06-16T16:28:25","date_gmt":"2023-06-16T16:28:25","guid":{"rendered":"https:\/\/elmercuriomanta.ec\/?p=1131"},"modified":"2023-06-16T16:29:01","modified_gmt":"2023-06-16T16:29:01","slug":"la-tri-define-el-equipo-titular-para-enfrentar-a-bolivia-en-new-jersey","status":"publish","type":"post","link":"https:\/\/elmercuriomanta.ec\/index.php\/2023\/06\/16\/la-tri-define-el-equipo-titular-para-enfrentar-a-bolivia-en-new-jersey\/","title":{"rendered":"La Tri define el equipo titular para enfrentar a Bolivia en New Jersey"},"content":{"rendered":"\n<p>F\u00e9lix S\u00e1nchez Bas, director t\u00e9cnico de la Selecci\u00f3n La Selecci\u00f3n Ecuatoriana de F\u00fatbol, defini\u00f3 el 11 titular con el que enfrentar\u00e1 a Bolivia, este s\u00e1bado 17 de junio a las 18:00, en partido amistoso por la fecha FIFA.<\/p>\n\n\n\n<p>El estratega espa\u00f1ol mantendr\u00e1 una l\u00ednea de tres en defensa para enfrentar al conjunto boliviano, que dirige el argentino Gustavo Costas.<\/p>\n\n\n\n<figure class=\"wp-block-image size-large\"><img fetchpriority=\"high\" decoding=\"async\" width=\"768\" height=\"1024\" src=\"https:\/\/elmercuriomanta.ec\/wp-content\/uploads\/2023\/06\/Seleccion-Ecuatoriana-768x1024.jpg\" alt=\"\" class=\"wp-image-1132\" srcset=\"https:\/\/elmercuriomanta.ec\/wp-content\/uploads\/2023\/06\/Seleccion-Ecuatoriana-768x1024.jpg 768w, https:\/\/elmercuriomanta.ec\/wp-content\/uploads\/2023\/06\/Seleccion-Ecuatoriana-225x300.jpg 225w, https:\/\/elmercuriomanta.ec\/wp-content\/uploads\/2023\/06\/Seleccion-Ecuatoriana.jpg 960w\" sizes=\"(max-width: 768px) 100vw, 768px\" \/><\/figure>\n\n\n\n<p>Luego de su participaci\u00f3n en el Mundial Qatar 2022, la Tricolor jug\u00f3 dos amistosos en la pasada fecha FIFA contra Australia, el primero lo perdi\u00f3 1-3 y el segundo venci\u00f3 2-1. Estos fueron los primeros compromisos que dirigi\u00f3 S\u00e1nchez Bas.<\/p>\n\n\n\n<p>El segundo compromiso de la Selecci\u00f3n ser\u00e1 contra Costa Rica, el martes 20 de junio, a las 19:00 en el estadio Subaru Park, de Pensilvania.<\/p>\n\n\n\n<figure class=\"wp-block-embed is-type-rich is-provider-twitter wp-block-embed-twitter\"><div class=\"wp-block-embed__wrapper\">\n<blockquote class=\"twitter-tweet\" data-width=\"550\" data-dnt=\"true\"><p lang=\"es\" dir=\"ltr\">Los dorsales de nuestros muchachos para la fecha FIFA de junio \ud83d\udcaa\ud83c\uddea\ud83c\udde8<br><br>Y a ti, \u00bfQu\u00e9 n\u00famero te gustar\u00eda usar? <a href=\"https:\/\/t.co\/rtDV2EFWK8\">pic.twitter.com\/rtDV2EFWK8<\/a><\/p>&mdash; La Tri \ud83c\uddea\ud83c\udde8 (@LaTri) <a href=\"https:\/\/twitter.com\/LaTri\/status\/1669394336184664067?ref_src=twsrc%5Etfw\">June 15, 2023<\/a><\/blockquote><script async src=\"https:\/\/platform.twitter.com\/widgets.js\" charset=\"utf-8\"><\/script>\n<\/div><\/figure>\n\n\n\n<p><strong>Posible equipo titular:<\/strong>  Hern\u00e1n Gal\u00edndez; Robert Arboleda, William Pacho y Piero Hincapi\u00e9; Jos\u00e9 Hurtado, Alan Franco, Mois\u00e9s Caicedo y Pervis Estupi\u00f1\u00e1n; \u00c1ngel Mena, Leonardo Campana y \u00c9nner Valencia.<\/p>\n","protected":false},"excerpt":{"rendered":"<p>F\u00e9lix S\u00e1nchez Bas, director t\u00e9cnico de la Selecci\u00f3n La Selecci\u00f3n Ecuatoriana de F\u00fatbol, defini\u00f3 el 11 titular con el que enfrentar\u00e1 a Bolivia, este s\u00e1bado 17 de junio a las 18:00, en partido amistoso por la fecha FIFA. El estratega espa\u00f1ol mantendr\u00e1 una l\u00ednea de tres en defensa para enfrentar al conjunto boliviano, que dirige [&hellip;]<\/p>\n","protected":false},"author":12,"featured_media":1133,"comment_status":"open","ping_status":"open","sticky":false,"template":"","format":"standard","meta":{"footnotes":""},"categories":[9,20],"tags":[82],"class_list":["post-1131","post","type-post","status-publish","format-standard","has-post-thumbnail","hentry","category-deportes","category-portada-2","tag-seleccion-ecuatoriana-de-futbol"],"_links":{"self":[{"href":"https:\/\/elmercuriomanta.ec\/index.php\/wp-json\/wp\/v2\/posts\/1131","targetHints":{"allow":["GET"]}}],"collection":[{"href":"https:\/\/elmercuriomanta.ec\/index.php\/wp-json\/wp\/v2\/posts"}],"about":[{"href":"https:\/\/elmercuriomanta.ec\/index.php\/wp-json\/wp\/v2\/types\/post"}],"author":[{"embeddable":true,"href":"https:\/\/elmercuriomanta.ec\/index.php\/wp-json\/wp\/v2\/users\/12"}],"replies":[{"embeddable":true,"href":"https:\/\/elmercuriomanta.ec\/index.php\/wp-json\/wp\/v2\/comments?post=1131"}],"version-history":[{"count":0,"href":"https:\/\/elmercuriomanta.ec\/index.php\/wp-json\/wp\/v2\/posts\/1131\/revisions"}],"wp:featuredmedia":[{"embeddable":true,"href":"https:\/\/elmercuriomanta.ec\/index.php\/wp-json\/wp\/v2\/media\/1133"}],"wp:attachment":[{"href":"https:\/\/elmercuriomanta.ec\/index.php\/wp-json\/wp\/v2\/media?parent=1131"}],"wp:term":[{"taxonomy":"category","embeddable":true,"href":"https:\/\/elmercuriomanta.ec\/index.php\/wp-json\/wp\/v2\/categories?post=1131"},{"taxonomy":"post_tag","embeddable":true,"href":"https:\/\/elmercuriomanta.ec\/index.php\/wp-json\/wp\/v2\/tags?post=1131"}],"curies":[{"name":"wp","href":"https:\/\/api.w.org\/{rel}","templated":true}]}}