{"id":11027,"date":"2023-12-13T10:30:18","date_gmt":"2023-12-13T15:30:18","guid":{"rendered":"https:\/\/elmercuriomanta.ec\/?p=11027"},"modified":"2023-12-13T10:30:20","modified_gmt":"2023-12-13T15:30:20","slug":"los-cortes-de-luz-se-incrementaran-una-hora","status":"publish","type":"post","link":"https:\/\/elmercuriomanta.ec\/index.php\/2023\/12\/13\/los-cortes-de-luz-se-incrementaran-una-hora\/","title":{"rendered":"Los cortes de luz se incrementar\u00e1n una hora"},"content":{"rendered":"\n<figure class=\"wp-block-image aligncenter size-full is-resized\"><img fetchpriority=\"high\" decoding=\"async\" width=\"285\" height=\"177\" src=\"https:\/\/elmercuriomanta.ec\/wp-content\/uploads\/2023\/12\/image-145.png\" alt=\"\" class=\"wp-image-11028\" style=\"width:425px;height:auto\"\/><\/figure>\n\n\n\n<p>Los apagones se suspender\u00e1n durante los feriados por Navidad y A\u00f1o Nuevo. A cambio, los cortes de luz se incrementar\u00e1n una hora diaria, seg\u00fan lo anunci\u00f3 el Ministerio de Energ\u00eda y Minas. La instituci\u00f3n especific\u00f3 que no habr\u00e1 racionamientos de energ\u00eda el\u00e9ctrica a escala nacional el 23, 24 y 25 de diciembre; as\u00ed como el 30, 31 de diciembre de 2023 y 01 de enero de 2024. Esto tras un an\u00e1lisis t\u00e9cnico, en conjunto con el Operador Nacional de Electricidad Cenace.<\/p>\n","protected":false},"excerpt":{"rendered":"<p>Los apagones se suspender\u00e1n durante los feriados por Navidad y A\u00f1o Nuevo. A cambio, los cortes de luz se incrementar\u00e1n una hora diaria, seg\u00fan lo anunci\u00f3 el Ministerio de Energ\u00eda y Minas. La instituci\u00f3n especific\u00f3 que no habr\u00e1 racionamientos de energ\u00eda el\u00e9ctrica a escala nacional el 23, 24 y 25 de diciembre; as\u00ed como el 30, 31 de diciembre de 2023 y 01 de enero de 2024. Esto tras un an\u00e1lisis t\u00e9cnico, en conjunto con el Operador Nacional de Electricidad Cenace.<\/p>\n","protected":false},"author":1,"featured_media":11028,"comment_status":"open","ping_status":"open","sticky":false,"template":"","format":"standard","meta":{"footnotes":""},"categories":[19],"tags":[23],"class_list":["post-11027","post","type-post","status-publish","format-standard","has-post-thumbnail","hentry","category-portada-1","tag-ecuador"],"_links":{"self":[{"href":"https:\/\/elmercuriomanta.ec\/index.php\/wp-json\/wp\/v2\/posts\/11027","targetHints":{"allow":["GET"]}}],"collection":[{"href":"https:\/\/elmercuriomanta.ec\/index.php\/wp-json\/wp\/v2\/posts"}],"about":[{"href":"https:\/\/elmercuriomanta.ec\/index.php\/wp-json\/wp\/v2\/types\/post"}],"author":[{"embeddable":true,"href":"https:\/\/elmercuriomanta.ec\/index.php\/wp-json\/wp\/v2\/users\/1"}],"replies":[{"embeddable":true,"href":"https:\/\/elmercuriomanta.ec\/index.php\/wp-json\/wp\/v2\/comments?post=11027"}],"version-history":[{"count":1,"href":"https:\/\/elmercuriomanta.ec\/index.php\/wp-json\/wp\/v2\/posts\/11027\/revisions"}],"predecessor-version":[{"id":11029,"href":"https:\/\/elmercuriomanta.ec\/index.php\/wp-json\/wp\/v2\/posts\/11027\/revisions\/11029"}],"wp:featuredmedia":[{"embeddable":true,"href":"https:\/\/elmercuriomanta.ec\/index.php\/wp-json\/wp\/v2\/media\/11028"}],"wp:attachment":[{"href":"https:\/\/elmercuriomanta.ec\/index.php\/wp-json\/wp\/v2\/media?parent=11027"}],"wp:term":[{"taxonomy":"category","embeddable":true,"href":"https:\/\/elmercuriomanta.ec\/index.php\/wp-json\/wp\/v2\/categories?post=11027"},{"taxonomy":"post_tag","embeddable":true,"href":"https:\/\/elmercuriomanta.ec\/index.php\/wp-json\/wp\/v2\/tags?post=11027"}],"curies":[{"name":"wp","href":"https:\/\/api.w.org\/{rel}","templated":true}]}}