{"id":10966,"date":"2023-12-12T15:14:02","date_gmt":"2023-12-12T20:14:02","guid":{"rendered":"https:\/\/elmercuriomanta.ec\/?p=10966"},"modified":"2023-12-12T15:14:04","modified_gmt":"2023-12-12T20:14:04","slug":"javier-milei-reduce-de-18-a-nueve-los-ministerios","status":"publish","type":"post","link":"https:\/\/elmercuriomanta.ec\/index.php\/2023\/12\/12\/javier-milei-reduce-de-18-a-nueve-los-ministerios\/","title":{"rendered":"Javier Milei reduce de 18 a nueve los Ministerios"},"content":{"rendered":"\n<figure class=\"wp-block-image aligncenter size-full is-resized\"><img fetchpriority=\"high\" decoding=\"async\" width=\"273\" height=\"185\" src=\"https:\/\/elmercuriomanta.ec\/wp-content\/uploads\/2023\/12\/image-137.png\" alt=\"\" class=\"wp-image-10967\" style=\"width:374px;height:auto\"\/><\/figure>\n\n\n\n<p>El presidente de Argentina, Javier Milei, convoc\u00f3 este lunes 11 de diciembre por primera vez a los ministros de su gabinete a una reuni\u00f3n en la Casa Rosada (sede del Ejecutivo) para comenzar el trabajo del nuevo Gobierno. La de este lunes es la primera reuni\u00f3n del gabinete despu\u00e9s de las respectivas juras en los cargos y antes de que cada ministro se encargue de los asuntos de su cartera. Milei cumpli\u00f3 su promesa electoral de reducir los ministerios, en la l\u00ednea de achicar el gasto p\u00fablico, y dej\u00f3 los 18 existentes en solo 9, seg\u00fan el DNU (decreto de necesidad y urgencia) firmado este domingo.<\/p>\n\n\n\n<p>Los ministros que integran su gabinete son Luis Caputo (Econom\u00eda), Guillermo Ferraro (Infraestructura), Mariano C\u00faneo Libarona (Justicia), Sandra Pettovello (Capital Humano), Patricia Bullrich (Seguridad), Luis Petri (Defensa), Diana Mondino (Canciller\u00eda), Guilllermo Francos (Interior) y Mario Russo (Salud). Los ministerios eliminados son: Ambiente, Turismo, Transporte, Educaci\u00f3n, Cultura, Trabajo, Obras P\u00fablicas, Desarrollo Social y Mujeres Sin duda, la cartera m\u00e1s sensible ser\u00e1 la de Econom\u00eda. Para este martes, seg\u00fan anunci\u00f3 el portavoz presidencial, Manuel Adorni, Caputo anunciar\u00e1 las primeras medidas econ\u00f3micas del Ejecutivo de Milei. El jefe de gabinete es Nicol\u00e1s Posse, hombre muy cercano a Milei, a quien conoci\u00f3 cuando ambos trabajaban en la empresa privada Corporaci\u00f3n Am\u00e9rica. Conformaci\u00f3n de su gabinete Adem\u00e1s, Milei nombr\u00f3 a su hermana y principal asesora, Karina Milei, a la que apoda \u2018El Jefe\u2019, como secretaria general de la Presidencia. Para ello, debi\u00f3 derogar un decreto emitido en 2018 por el entonces presidente de Argentina, Mauricio Macri (2015-2019), que prohib\u00eda el nepotismo.<\/p>\n\n\n\n<p>En la conformaci\u00f3n de su gabinete, Milei ha tendido puentes a otras fuerzas pol\u00edticas para encontrar aliados de su coalici\u00f3n, la ultraderechista La Libertad Avanza, que cuenta con muy pocos diputados y senadores. As\u00ed es que libertarios, peronistas, seguidores del expresidente Mauricio Macri (2015-2019) y de la Uni\u00f3n C\u00edvica Radical (UCR) tienen sitio en el nuevo gabinete, incluyendo la f\u00f3rmula presidencial de la coalici\u00f3n Juntos por el Cambio (centroderecha) en las \u00faltimas elecciones, la excandidata presidencial Patricia Bullrich y el exaspirante a la Vicepresidencia Luis Petri.<\/p>\n","protected":false},"excerpt":{"rendered":"<p>El presidente de Argentina, Javier Milei, convoc\u00f3 este lunes 11 de diciembre por primera vez a los ministros de su gabinete a una reuni\u00f3n en la Casa Rosada (sede del Ejecutivo) para comenzar el trabajo del nuevo Gobierno. La de este lunes es la primera reuni\u00f3n del gabinete despu\u00e9s de las respectivas juras en los cargos y antes de que cada ministro se encargue de los asuntos de su cartera. Milei cumpli\u00f3 su promesa electoral de reducir los ministerios, en la l\u00ednea de achicar el gasto p\u00fablico, y dej\u00f3 los 18 existentes en solo 9, seg\u00fan el DNU (decreto de necesidad y urgencia) firmado este domingo.<\/p>\n","protected":false},"author":1,"featured_media":10967,"comment_status":"open","ping_status":"open","sticky":false,"template":"","format":"standard","meta":{"footnotes":""},"categories":[8],"tags":[],"class_list":["post-10966","post","type-post","status-publish","format-standard","has-post-thumbnail","hentry","category-internacional"],"_links":{"self":[{"href":"https:\/\/elmercuriomanta.ec\/index.php\/wp-json\/wp\/v2\/posts\/10966","targetHints":{"allow":["GET"]}}],"collection":[{"href":"https:\/\/elmercuriomanta.ec\/index.php\/wp-json\/wp\/v2\/posts"}],"about":[{"href":"https:\/\/elmercuriomanta.ec\/index.php\/wp-json\/wp\/v2\/types\/post"}],"author":[{"embeddable":true,"href":"https:\/\/elmercuriomanta.ec\/index.php\/wp-json\/wp\/v2\/users\/1"}],"replies":[{"embeddable":true,"href":"https:\/\/elmercuriomanta.ec\/index.php\/wp-json\/wp\/v2\/comments?post=10966"}],"version-history":[{"count":1,"href":"https:\/\/elmercuriomanta.ec\/index.php\/wp-json\/wp\/v2\/posts\/10966\/revisions"}],"predecessor-version":[{"id":10968,"href":"https:\/\/elmercuriomanta.ec\/index.php\/wp-json\/wp\/v2\/posts\/10966\/revisions\/10968"}],"wp:featuredmedia":[{"embeddable":true,"href":"https:\/\/elmercuriomanta.ec\/index.php\/wp-json\/wp\/v2\/media\/10967"}],"wp:attachment":[{"href":"https:\/\/elmercuriomanta.ec\/index.php\/wp-json\/wp\/v2\/media?parent=10966"}],"wp:term":[{"taxonomy":"category","embeddable":true,"href":"https:\/\/elmercuriomanta.ec\/index.php\/wp-json\/wp\/v2\/categories?post=10966"},{"taxonomy":"post_tag","embeddable":true,"href":"https:\/\/elmercuriomanta.ec\/index.php\/wp-json\/wp\/v2\/tags?post=10966"}],"curies":[{"name":"wp","href":"https:\/\/api.w.org\/{rel}","templated":true}]}}