{"id":10461,"date":"2023-12-04T17:14:10","date_gmt":"2023-12-04T22:14:10","guid":{"rendered":"https:\/\/elmercuriomanta.ec\/?p=10461"},"modified":"2023-12-04T17:14:12","modified_gmt":"2023-12-04T22:14:12","slug":"daniel-noboa-debe-revisar-el-subsidio-a-los-combustibles-y-hablar-del-iva","status":"publish","type":"post","link":"https:\/\/elmercuriomanta.ec\/index.php\/2023\/12\/04\/daniel-noboa-debe-revisar-el-subsidio-a-los-combustibles-y-hablar-del-iva\/","title":{"rendered":"Daniel Noboa debe revisar el subsidio a los combustibles y hablar del iva"},"content":{"rendered":"\n<figure class=\"wp-block-image aligncenter size-full is-resized\"><img fetchpriority=\"high\" decoding=\"async\" width=\"825\" height=\"495\" src=\"https:\/\/elmercuriomanta.ec\/wp-content\/uploads\/2023\/12\/image-45.png\" alt=\"\" class=\"wp-image-10462\" style=\"width:401px;height:auto\" srcset=\"https:\/\/elmercuriomanta.ec\/wp-content\/uploads\/2023\/12\/image-45.png 825w, https:\/\/elmercuriomanta.ec\/wp-content\/uploads\/2023\/12\/image-45-300x180.png 300w, https:\/\/elmercuriomanta.ec\/wp-content\/uploads\/2023\/12\/image-45-768x461.png 768w\" sizes=\"(max-width: 825px) 100vw, 825px\" \/><\/figure>\n\n\n\n<p>Hasta el 30 de diciembre tiene la Asamblea Nacional para tratar por completo el proyecto de reforma tributaria enviada por Daniel Noboa hace pocos d\u00edas. Con la nueva ley, el Gobierno espera recaudar 960 millones de d\u00f3lares en 2024 y, adem\u00e1s, generar dinamismo para que la producci\u00f3n p\u00fablico-privada se reactive.<\/p>\n\n\n\n<p>&nbsp;Pese a ello, analistas concuerdan en que el proyecto de Eficiencia Econ\u00f3mica y Generaci\u00f3n de Empleo servir\u00eda, m\u00e1s bien, como un parche temporal para la econom\u00eda nacional, por lo que recomiendan al gobierno mirar al IVA y a los subsidios como otras posibilidades. En el programa Pol\u00edticamente Correcto del domingo 3 de diciembre, Sim\u00f3n Cueva, exministro de Econom\u00eda, se\u00f1al\u00f3 la necesidad de que el presidente Daniel Noboa retome la focalizaci\u00f3n de los combustibles que en 2022 le costaron al fisco 4.560 millones de d\u00f3lares y que en 2023 podr\u00eda superar los 3.500 millones.<\/p>\n\n\n\n<p>&nbsp;Seg\u00fan explica Cueva, la nueva reforma tributaria permitir\u00e1 nuevos ingresos por medio de las remisiones a las empresas y la reducci\u00f3n de los impuestos \u201cpero no ser\u00e1 suficiente, ser\u00eda sano que Daniel Noboa dialogue con los sectores sociales sobre el subsidio a los combustibles\u201d. El exministro a\u00f1adi\u00f3 que, de no haber frenado la eliminaci\u00f3n paulatina de los subsidios en 2022 con el paro de junio, el pa\u00eds habr\u00eda tenido USD 1.500 millones de d\u00f3lares m\u00e1s de recursos fiscales en 2023.<\/p>\n\n\n\n<p>&nbsp;Patricio Alarc\u00f3n, expresidente de la C\u00e1mara de Comercio de Quito, piensa en la misma l\u00ednea que Cueva; sin embargo, a\u00f1ade que esta vez el Gobierno debe esbozar un plan donde las familias de bajos recursos sigan accediendo a los subsidios. \u201cEs el estado el que debe sacrificarse, no el bolsillo de los ecuatorianos\u201d. Subir el IVA, \u00bfuna alternativa factible para Noboa? Ver\u00f3nica Artola, exgerente del Banco Central y tambi\u00e9n panelista en el programa, se\u00f1al\u00f3 que, si bien el tema de los subsidios es importante para el pa\u00eds, Daniel Noboa preferir\u00e1 no incluirlo en su agenda de recuperaci\u00f3n econ\u00f3mica para as\u00ed no gastar su imagen en poco tiempo.<\/p>\n\n\n\n<p>&nbsp;\u201cRecordemos que Noboa quiere la reelecci\u00f3n y el tema de los subsidios es un tema que le podr\u00eda causar problemas cuando solo tiene 18 meses para lograrlo\u201d. En su lugar, la economista plantea que el Gobierno debe enfocarse en decretar nuevos impuestos permanentes que no sean medidas a corto y mediano plazo. Por ello, otra v\u00eda de solvencia econ\u00f3mica explica, estar\u00eda en subir el Impuesto al Valor Agregado (IVA).&nbsp;<\/p>\n\n\n\n<p>Una tasa que Ecuador la ha mantenido como una de las m\u00e1s bajas de la regi\u00f3n. \u201cEl IVA deber\u00eda tomarse en cuenta para un di\u00e1logo nacional como una v\u00eda de desarrollo econ\u00f3mico, donde tambi\u00e9n participen las universidades y la academia\u201d, dijo Artola. Las cifras de la econom\u00eda nacional, en rojo Seg\u00fan el Observatorio de la Pol\u00edtica Fiscal, el Gobierno vio caer sus ingresos en un 8% entre enero y octubre de 2023, a\u00f1o que se han obtenido 16.259 millones de d\u00f3lares, con respecto al a\u00f1o pasado, que fueron 17.743 millones de d\u00f3lares.<\/p>\n\n\n\n<p>&nbsp;Las principales razones de la desaceleraci\u00f3n econ\u00f3mica responden a que la recaudaci\u00f3n tributaria perdi\u00f3 585 millones en el \u00faltimo a\u00f1o y los ingresos petroleros tambi\u00e9n se redujeron en 1.307 millones de d\u00f3lares. Por otro lado, el gobierno de Guillermo Lasso gast\u00f3 un 8% m\u00e1s en el \u00faltimo a\u00f1o. 19.497 millones de d\u00f3lares a comparaci\u00f3n de los 17.992 millones de 2022. El aumento de sueldos a los maestros, la integraci\u00f3n de 8.500 nuevos polic\u00edas y casi 10 mil m\u00e9dicos al sistema de salud p\u00fablica, as\u00ed como los pagos de deuda a diferentes instituciones.<\/p>\n\n\n\n<p>&nbsp;El resultado es que en menos de 12 meses el d\u00e9ficit fiscal se increment\u00f3 trece veces, de 249 millones de d\u00f3lares a unos alarmantes 3.238 millones. Un monto que la reforma tributaria de Noboa no cubrir\u00e1 ni la mitad, porque se espera recaudar menos de 1.000 millones de d\u00f3lares.<\/p>\n","protected":false},"excerpt":{"rendered":"<p>Hasta el 30 de diciembre tiene la Asamblea Nacional para tratar por completo el proyecto de reforma tributaria enviada por Daniel Noboa hace pocos d\u00edas. Con la nueva ley, el Gobierno espera recaudar 960 millones de d\u00f3lares en 2024 y, adem\u00e1s, generar dinamismo para que la producci\u00f3n p\u00fablico-privada se reactive.<\/p>\n","protected":false},"author":1,"featured_media":10462,"comment_status":"open","ping_status":"open","sticky":false,"template":"","format":"standard","meta":{"footnotes":""},"categories":[54],"tags":[23],"class_list":["post-10461","post","type-post","status-publish","format-standard","has-post-thumbnail","hentry","category-politica","tag-ecuador"],"_links":{"self":[{"href":"https:\/\/elmercuriomanta.ec\/index.php\/wp-json\/wp\/v2\/posts\/10461","targetHints":{"allow":["GET"]}}],"collection":[{"href":"https:\/\/elmercuriomanta.ec\/index.php\/wp-json\/wp\/v2\/posts"}],"about":[{"href":"https:\/\/elmercuriomanta.ec\/index.php\/wp-json\/wp\/v2\/types\/post"}],"author":[{"embeddable":true,"href":"https:\/\/elmercuriomanta.ec\/index.php\/wp-json\/wp\/v2\/users\/1"}],"replies":[{"embeddable":true,"href":"https:\/\/elmercuriomanta.ec\/index.php\/wp-json\/wp\/v2\/comments?post=10461"}],"version-history":[{"count":1,"href":"https:\/\/elmercuriomanta.ec\/index.php\/wp-json\/wp\/v2\/posts\/10461\/revisions"}],"predecessor-version":[{"id":10463,"href":"https:\/\/elmercuriomanta.ec\/index.php\/wp-json\/wp\/v2\/posts\/10461\/revisions\/10463"}],"wp:featuredmedia":[{"embeddable":true,"href":"https:\/\/elmercuriomanta.ec\/index.php\/wp-json\/wp\/v2\/media\/10462"}],"wp:attachment":[{"href":"https:\/\/elmercuriomanta.ec\/index.php\/wp-json\/wp\/v2\/media?parent=10461"}],"wp:term":[{"taxonomy":"category","embeddable":true,"href":"https:\/\/elmercuriomanta.ec\/index.php\/wp-json\/wp\/v2\/categories?post=10461"},{"taxonomy":"post_tag","embeddable":true,"href":"https:\/\/elmercuriomanta.ec\/index.php\/wp-json\/wp\/v2\/tags?post=10461"}],"curies":[{"name":"wp","href":"https:\/\/api.w.org\/{rel}","templated":true}]}}