{"id":10342,"date":"2023-12-03T10:37:20","date_gmt":"2023-12-03T15:37:20","guid":{"rendered":"https:\/\/elmercuriomanta.ec\/?p=10342"},"modified":"2023-12-03T10:37:22","modified_gmt":"2023-12-03T15:37:22","slug":"quito-tiene-una-ciudad-debajo-de-la-tierra","status":"publish","type":"post","link":"https:\/\/elmercuriomanta.ec\/index.php\/2023\/12\/03\/quito-tiene-una-ciudad-debajo-de-la-tierra\/","title":{"rendered":"Quito tiene una ciudad debajo de la tierra"},"content":{"rendered":"\n<figure class=\"wp-block-image aligncenter size-full is-resized\"><img fetchpriority=\"high\" decoding=\"async\" width=\"259\" height=\"194\" src=\"https:\/\/elmercuriomanta.ec\/wp-content\/uploads\/2023\/12\/image-25.png\" alt=\"\" class=\"wp-image-10343\" style=\"width:416px;height:auto\"\/><\/figure>\n\n\n\n<p>A 20 metros bajo tierra existe un Quito ordenado, amigable y seguro. Una vez que las personas bajan las gradas o recorren sus largos pasillos, se desprenden de la ca\u00f3toca superficie, para adentrarse a un c\u00e1lido espacio en el que los desconocidos se saludan, se gu\u00edan o aprenden juntos. Esta ciudad, en la profundidad del suelo, se construy\u00f3 hace 13 a\u00f1os y el 1 de diciembre de 2023 fue habitada. Se trata del Metro de Quito, un espacio que supone un nuevo entorno, con el que no solo se espera dar un respiro al tr\u00e1fico propio de una capital (un quite\u00f1o pasa 70 horas anuales en el tr\u00e1fico), sino que se proyecta a generar un cambio cultural. Inaugurado, reinaugurado y bendecido \u00abVea, bonita.<\/p>\n\n\n\n<p>Y esta s\u00ed ser\u00e1 la inauguraci\u00f3n de verdad \u00bfo ser\u00e1 como las otras?\u00bb, pregunta Rosita Amagua\u00f1a, mientras le explican que si tiene 45 centavos justos (el costo del pasaje del Metro) puede ir a las m\u00e1quinas ATM, en lugar de la ventanilla. La inquietud de Rosita es v\u00e1lida, pues solo un quite\u00f1o puede decir que el Metro tuvo dos inauguraciones, una fue simb\u00f3lica ya se inaugur\u00f3 aunque no iba a rodar. Tambi\u00e9n tuvo una reapertura y un evento para tener la bendici\u00f3n de un sacerdote. Despu\u00e9s de tanta espera y pomposos eventos, el arranque de la operaci\u00f3n comercial genera altas exceptivas entre usuarios como Gladys Mu\u00f1oz, quien se convirti\u00f3 en la usuaria que inaugur\u00f3 el Metro de Quito, cortando un list\u00f3n como s\u00edmbolo de un nuevo inicio.<\/p>\n\n\n\n<p>La mujer Latacungue\u00f1a de nacimiento y quite\u00f1a hace 25 a\u00f1os, doce sentirse emocionada y espera que \u00abtodos cuiden del Metro, como cuidar\u00edan de su casa\u00bb. Juan Carlos C\u00f3rdova es cuencano. Lleg\u00f3 al termina de Quitumbe la ma\u00f1ana del 1 de diciembre de 2023. \u201cMe avisaron que ya funciona el Metro y voy a ir hasta la Carolina. En Cuenca tenemos el Tranv\u00eda, pero no es lo mismo, esto es otro nivel, es otra ciudad construida bajo el suelo\u201d.<\/p>\n","protected":false},"excerpt":{"rendered":"<p>A 20 metros bajo tierra existe un Quito ordenado, amigable y seguro. Una vez que las personas bajan las gradas o recorren sus largos pasillos, se desprenden de la ca\u00f3toca superficie, para adentrarse a un c\u00e1lido espacio en el que los desconocidos se saludan, se gu\u00edan o aprenden juntos. Esta ciudad, en la profundidad del suelo, se construy\u00f3 hace 13 a\u00f1os y el 1 de diciembre de 2023 fue habitada. Se trata del Metro de Quito, un espacio que supone un nuevo entorno, con el que no solo se espera dar un respiro al tr\u00e1fico propio de una capital (un quite\u00f1o pasa 70 horas anuales en el tr\u00e1fico), sino que se proyecta a generar un cambio cultural. Inaugurado, reinaugurado y bendecido \u00abVea, bonita.<\/p>\n","protected":false},"author":1,"featured_media":10343,"comment_status":"open","ping_status":"open","sticky":false,"template":"","format":"standard","meta":{"footnotes":""},"categories":[1],"tags":[23],"class_list":["post-10342","post","type-post","status-publish","format-standard","has-post-thumbnail","hentry","category-uncategorized","tag-ecuador"],"_links":{"self":[{"href":"https:\/\/elmercuriomanta.ec\/index.php\/wp-json\/wp\/v2\/posts\/10342","targetHints":{"allow":["GET"]}}],"collection":[{"href":"https:\/\/elmercuriomanta.ec\/index.php\/wp-json\/wp\/v2\/posts"}],"about":[{"href":"https:\/\/elmercuriomanta.ec\/index.php\/wp-json\/wp\/v2\/types\/post"}],"author":[{"embeddable":true,"href":"https:\/\/elmercuriomanta.ec\/index.php\/wp-json\/wp\/v2\/users\/1"}],"replies":[{"embeddable":true,"href":"https:\/\/elmercuriomanta.ec\/index.php\/wp-json\/wp\/v2\/comments?post=10342"}],"version-history":[{"count":1,"href":"https:\/\/elmercuriomanta.ec\/index.php\/wp-json\/wp\/v2\/posts\/10342\/revisions"}],"predecessor-version":[{"id":10344,"href":"https:\/\/elmercuriomanta.ec\/index.php\/wp-json\/wp\/v2\/posts\/10342\/revisions\/10344"}],"wp:featuredmedia":[{"embeddable":true,"href":"https:\/\/elmercuriomanta.ec\/index.php\/wp-json\/wp\/v2\/media\/10343"}],"wp:attachment":[{"href":"https:\/\/elmercuriomanta.ec\/index.php\/wp-json\/wp\/v2\/media?parent=10342"}],"wp:term":[{"taxonomy":"category","embeddable":true,"href":"https:\/\/elmercuriomanta.ec\/index.php\/wp-json\/wp\/v2\/categories?post=10342"},{"taxonomy":"post_tag","embeddable":true,"href":"https:\/\/elmercuriomanta.ec\/index.php\/wp-json\/wp\/v2\/tags?post=10342"}],"curies":[{"name":"wp","href":"https:\/\/api.w.org\/{rel}","templated":true}]}}