{"id":10336,"date":"2023-12-03T10:28:31","date_gmt":"2023-12-03T15:28:31","guid":{"rendered":"https:\/\/elmercuriomanta.ec\/?p=10336"},"modified":"2023-12-03T10:28:33","modified_gmt":"2023-12-03T15:28:33","slug":"portoviejo-tendra-su-propio-centro-forense","status":"publish","type":"post","link":"https:\/\/elmercuriomanta.ec\/index.php\/2023\/12\/03\/portoviejo-tendra-su-propio-centro-forense\/","title":{"rendered":"Portoviejo tendr\u00e1 su propio Centro Forense"},"content":{"rendered":"\n<figure class=\"wp-block-image aligncenter size-full is-resized\"><img fetchpriority=\"high\" decoding=\"async\" width=\"288\" height=\"175\" src=\"https:\/\/elmercuriomanta.ec\/wp-content\/uploads\/2023\/12\/image-23.png\" alt=\"\" class=\"wp-image-10337\" style=\"width:490px;height:auto\"\/><\/figure>\n\n\n\n<p>El alcalde de Portoviejo, Javier Pincay Salvatierra, confirm\u00f3 que ya est\u00e1 el financiamiento para construir en la capital manabita un centro forense y un nuevo cementerio. Las dos obras estar\u00e1n en la misma zona, en la v\u00eda Portoviejo-Manta, dijo Javier Pincay, en una entrevista en el programa. \u201cYa est\u00e1n los recursos. Est\u00e1n aseguradas estas obras\u201d, coment\u00f3. Adem\u00e1s, anunci\u00f3 que se comprar\u00e1n cinco carros recolectores para el sistema de aseo de la ciudad. Por ahora est\u00e1n alquilando tres carros, para superar los problemas que se hab\u00edan presentado en la recolecci\u00f3n de basura. El alcalde de Portoviejo, Javier Pincay, destac\u00f3 que desde el a\u00f1o 2014 Portoviejo sembr\u00f3.<\/p>\n\n\n\n<p>Ahora, dijo, la ciudad va a seguir creciendo bajo su administraci\u00f3n. \u201cSe imitar\u00e1, igualar\u00e1 y superar\u00e1 lo que se hizo desde el 2014\u201d, recalc\u00f3. Confirm\u00f3 que el gobierno central no ha transferido al Municipio de Portoviejo ni pagado las al\u00edcuotas que le corresponden a la ciudad, desde hace tres meses. \u201cLos proveedores nos entienden, no queremos detenernos; eso genera conflictos, pero all\u00ed tambi\u00e9n est\u00e1 la gesti\u00f3n para llegar a acuerdos\u201d, destac\u00f3 el alcalde. Sobre la gesti\u00f3n internacional ante organismos multilaterales, confirm\u00f3 cr\u00e9ditos por 100 millones de d\u00f3lares. \u201cSe han conseguido 100 millones de d\u00f3lares que se convierten en progreso para Portoviejo\u201c, dijo Pincay.<\/p>\n\n\n\n<p>\u201cHemos tenido la suerte en los multilaterales, hemos generado confianza demostrando que estamos haciendo bien las cosas por ejemplo la CAF aprob\u00f3 50 millones de d\u00f3lares porque somos solventes institucionalmente\u201d, explic\u00f3. Adelant\u00f3 que ya se han mantenido reuniones con el ministerio de Finanzas para el aval soberano que se requiere para ese cr\u00e9dito. En la entrevista con Edwin Valdiviezo dijo que como prevenci\u00f3n ante la llegada del fen\u00f3meno de El Ni\u00f1o se hizo una reforma presupuestaria para tener 1,5 millones de d\u00f3lares para atender la emergencia. Se ha comprado maquinaria por 1,8 millones de d\u00f3lares y se han identificado m\u00e1s de 25 albergues calificados por Gesti\u00f3n de Riesgo, asegur\u00f3.<\/p>\n","protected":false},"excerpt":{"rendered":"<p>El alcalde de Portoviejo, Javier Pincay Salvatierra, confirm\u00f3 que ya est\u00e1 el financiamiento para construir en la capital manabita un centro forense y un nuevo cementerio. Las dos obras estar\u00e1n en la misma zona, en la v\u00eda Portoviejo-Manta, dijo Javier Pincay, en una entrevista en el programa. \u201cYa est\u00e1n los recursos. Est\u00e1n aseguradas estas obras\u201d, coment\u00f3. Adem\u00e1s, anunci\u00f3 que se comprar\u00e1n cinco carros recolectores para el sistema de aseo de la ciudad. Por ahora est\u00e1n alquilando tres carros, para superar los problemas que se hab\u00edan presentado en la recolecci\u00f3n de basura. El alcalde de Portoviejo, Javier Pincay, destac\u00f3 que desde el a\u00f1o 2014 Portoviejo sembr\u00f3.<\/p>\n","protected":false},"author":1,"featured_media":10337,"comment_status":"open","ping_status":"open","sticky":false,"template":"","format":"standard","meta":{"footnotes":""},"categories":[1],"tags":[29],"class_list":["post-10336","post","type-post","status-publish","format-standard","has-post-thumbnail","hentry","category-uncategorized","tag-manabi"],"_links":{"self":[{"href":"https:\/\/elmercuriomanta.ec\/index.php\/wp-json\/wp\/v2\/posts\/10336","targetHints":{"allow":["GET"]}}],"collection":[{"href":"https:\/\/elmercuriomanta.ec\/index.php\/wp-json\/wp\/v2\/posts"}],"about":[{"href":"https:\/\/elmercuriomanta.ec\/index.php\/wp-json\/wp\/v2\/types\/post"}],"author":[{"embeddable":true,"href":"https:\/\/elmercuriomanta.ec\/index.php\/wp-json\/wp\/v2\/users\/1"}],"replies":[{"embeddable":true,"href":"https:\/\/elmercuriomanta.ec\/index.php\/wp-json\/wp\/v2\/comments?post=10336"}],"version-history":[{"count":1,"href":"https:\/\/elmercuriomanta.ec\/index.php\/wp-json\/wp\/v2\/posts\/10336\/revisions"}],"predecessor-version":[{"id":10338,"href":"https:\/\/elmercuriomanta.ec\/index.php\/wp-json\/wp\/v2\/posts\/10336\/revisions\/10338"}],"wp:featuredmedia":[{"embeddable":true,"href":"https:\/\/elmercuriomanta.ec\/index.php\/wp-json\/wp\/v2\/media\/10337"}],"wp:attachment":[{"href":"https:\/\/elmercuriomanta.ec\/index.php\/wp-json\/wp\/v2\/media?parent=10336"}],"wp:term":[{"taxonomy":"category","embeddable":true,"href":"https:\/\/elmercuriomanta.ec\/index.php\/wp-json\/wp\/v2\/categories?post=10336"},{"taxonomy":"post_tag","embeddable":true,"href":"https:\/\/elmercuriomanta.ec\/index.php\/wp-json\/wp\/v2\/tags?post=10336"}],"curies":[{"name":"wp","href":"https:\/\/api.w.org\/{rel}","templated":true}]}}