{"id":10300,"date":"2023-12-02T14:30:51","date_gmt":"2023-12-02T19:30:51","guid":{"rendered":"https:\/\/elmercuriomanta.ec\/?p=10300"},"modified":"2023-12-02T14:30:54","modified_gmt":"2023-12-02T19:30:54","slug":"no-hay-rastro-del-excandidato-byron-joza","status":"publish","type":"post","link":"https:\/\/elmercuriomanta.ec\/index.php\/2023\/12\/02\/no-hay-rastro-del-excandidato-byron-joza\/","title":{"rendered":"No hay rastro del excandidato Byron Joza"},"content":{"rendered":"\n<figure class=\"wp-block-image aligncenter size-full is-resized\"><img fetchpriority=\"high\" decoding=\"async\" width=\"300\" height=\"168\" src=\"https:\/\/elmercuriomanta.ec\/wp-content\/uploads\/2023\/12\/image-11.png\" alt=\"\" class=\"wp-image-10301\" style=\"width:433px;height:auto\"\/><\/figure>\n\n\n\n<p>Unidades especiales de la Polic\u00eda Nacional realizan investigaciones reservadas tras el secuestro del excandidato a la alcald\u00eda de Portoviejo (Manab\u00ed), Byron Joza, de 42 a\u00f1os. Han transcurrido nueve d\u00edas y las motivaciones del secuestro del pol\u00edtico de la capital manabita a\u00fan son un misterio. Tampoco hay pistas de su paradero. El caso est\u00e1 en manos de la Unidad Antisecuestros y Extorsi\u00f3n (Unase). Joza fue secuestrado por hombres armados a las 18:50 del 22 de noviembre de 2023, en la ciudadela La California, al centro sur de Portoviejo. Seg\u00fan los registros de un video, Joza fue interceptado por sujetos armados que se bajaron de una camioneta cuando sali\u00f3 de un gimnasio para abordar un taxi.<\/p>\n\n\n\n<p>Esa noche, el entonces gobernador de Manab\u00ed, Hern\u00e1n Barreiro, explic\u00f3 el percance: La Polic\u00eda inform\u00f3 que, de inmediato, las unidades especializadas tomaron contacto con los familiares para poder realizar la investigaci\u00f3n. Adem\u00e1s, la fuerza p\u00fablica ignora la existencia de alg\u00fan tipo de amenaza en contra del excandidato, ya que no existe una denuncia que la respalde. Un pol\u00edtico con trayectoria Tras buscar la alcald\u00eda de Portoviejo en los comicios seccionales del 5 de febrero de 2023, Joza retom\u00f3 su profesi\u00f3n como abogado en libre ejercicio. En las elecciones, Joza qued\u00f3 en cuarto lugar con un 16,54%, es decir, logr\u00f3 29.097 votos.<\/p>\n\n\n\n<p>El excandidato particip\u00f3 por la Alianza por la Unidad Manabita, una de las mayores fuerzas pol\u00edticas de la provincia, en representaci\u00f3n del movimiento del entonces alcalde Agust\u00edn Casanova, quien se postul\u00f3 para la Prefectura de Manab\u00ed. Tras el secuestro, tampoco ha existido pronunciamiento ni de Alianza por la Unidad Manabita y tampoco del principal l\u00edder pol\u00edtico, Casanova. Joza estuvo vinculado con la dirigencia barrial hasta 2014, pues ese a\u00f1o ingres\u00f3 al Municipio de Portoviejo como director de Participaci\u00f3n Ciudadana. Luego, en 2020, fue nombrado subdirector cantonal de Servicios P\u00fablicos.<\/p>\n\n\n\n<p><\/p>\n\n\n\n<p>Unidades especiales de la Polic\u00eda Nacional realizan investigaciones reservadas tras el secuestro del excandidato a la alcald\u00eda de Portoviejo (Manab\u00ed), Byron Joza, de 42 a\u00f1os. Han transcurrido nueve d\u00edas y las motivaciones del secuestro del pol\u00edtico de la capital manabita a\u00fan son un misterio. Tampoco hay pistas de su paradero. El caso est\u00e1 en manos de la Unidad Antisecuestros y Extorsi\u00f3n (Unase). Joza fue secuestrado por hombres armados a las 18:50 del 22 de noviembre de 2023, en la ciudadela La California, al centro sur de Portoviejo. Seg\u00fan los registros de un video, Joza fue interceptado por sujetos armados que se bajaron de una camioneta cuando sali\u00f3 de un gimnasio para abordar un taxi.<\/p>\n\n\n\n<p>Esa noche, el entonces gobernador de Manab\u00ed, Hern\u00e1n Barreiro, explic\u00f3 el percance: La Polic\u00eda inform\u00f3 que, de inmediato, las unidades especializadas tomaron contacto con los familiares para poder realizar la investigaci\u00f3n. Adem\u00e1s, la fuerza p\u00fablica ignora la existencia de alg\u00fan tipo de amenaza en contra del excandidato, ya que no existe una denuncia que la respalde. Un pol\u00edtico con trayectoria Tras buscar la alcald\u00eda de Portoviejo en los comicios seccionales del 5 de febrero de 2023, Joza retom\u00f3 su profesi\u00f3n como abogado en libre ejercicio. En las elecciones, Joza qued\u00f3 en cuarto lugar con un 16,54%, es decir, logr\u00f3 29.097 votos.<\/p>\n\n\n\n<p>El excandidato particip\u00f3 por la Alianza por la Unidad Manabita, una de las mayores fuerzas pol\u00edticas de la provincia, en representaci\u00f3n del movimiento del entonces alcalde Agust\u00edn Casanova, quien se postul\u00f3 para la Prefectura de Manab\u00ed. Tras el secuestro, tampoco ha existido pronunciamiento ni de Alianza por la Unidad Manabita y tampoco del principal l\u00edder pol\u00edtico, Casanova. Joza estuvo vinculado con la dirigencia barrial hasta 2014, pues ese a\u00f1o ingres\u00f3 al Municipio de Portoviejo como director de Participaci\u00f3n Ciudadana. Luego, en 2020, fue nombrado subdirector cantonal de Servicios P\u00fablicos.<\/p>\n","protected":false},"excerpt":{"rendered":"<p>Unidades especiales de la Polic\u00eda Nacional realizan investigaciones reservadas tras el secuestro del excandidato a la alcald\u00eda de Portoviejo (Manab\u00ed), Byron Joza, de 42 a\u00f1os. Han transcurrido nueve d\u00edas y las motivaciones del secuestro del pol\u00edtico de la capital manabita a\u00fan son un misterio. Tampoco hay pistas de su paradero. El caso est\u00e1 en manos de la Unidad Antisecuestros y Extorsi\u00f3n (Unase). Joza fue secuestrado por hombres armados a las 18:50 del 22 de noviembre de 2023, en la ciudadela La California, al centro sur de Portoviejo. Seg\u00fan los registros de un video, Joza fue interceptado por sujetos armados que se bajaron de una camioneta cuando sali\u00f3 de un gimnasio para abordar un taxi.<\/p>\n","protected":false},"author":1,"featured_media":10301,"comment_status":"open","ping_status":"open","sticky":false,"template":"","format":"standard","meta":{"footnotes":""},"categories":[1],"tags":[29],"class_list":["post-10300","post","type-post","status-publish","format-standard","has-post-thumbnail","hentry","category-uncategorized","tag-manabi"],"_links":{"self":[{"href":"https:\/\/elmercuriomanta.ec\/index.php\/wp-json\/wp\/v2\/posts\/10300","targetHints":{"allow":["GET"]}}],"collection":[{"href":"https:\/\/elmercuriomanta.ec\/index.php\/wp-json\/wp\/v2\/posts"}],"about":[{"href":"https:\/\/elmercuriomanta.ec\/index.php\/wp-json\/wp\/v2\/types\/post"}],"author":[{"embeddable":true,"href":"https:\/\/elmercuriomanta.ec\/index.php\/wp-json\/wp\/v2\/users\/1"}],"replies":[{"embeddable":true,"href":"https:\/\/elmercuriomanta.ec\/index.php\/wp-json\/wp\/v2\/comments?post=10300"}],"version-history":[{"count":1,"href":"https:\/\/elmercuriomanta.ec\/index.php\/wp-json\/wp\/v2\/posts\/10300\/revisions"}],"predecessor-version":[{"id":10302,"href":"https:\/\/elmercuriomanta.ec\/index.php\/wp-json\/wp\/v2\/posts\/10300\/revisions\/10302"}],"wp:featuredmedia":[{"embeddable":true,"href":"https:\/\/elmercuriomanta.ec\/index.php\/wp-json\/wp\/v2\/media\/10301"}],"wp:attachment":[{"href":"https:\/\/elmercuriomanta.ec\/index.php\/wp-json\/wp\/v2\/media?parent=10300"}],"wp:term":[{"taxonomy":"category","embeddable":true,"href":"https:\/\/elmercuriomanta.ec\/index.php\/wp-json\/wp\/v2\/categories?post=10300"},{"taxonomy":"post_tag","embeddable":true,"href":"https:\/\/elmercuriomanta.ec\/index.php\/wp-json\/wp\/v2\/tags?post=10300"}],"curies":[{"name":"wp","href":"https:\/\/api.w.org\/{rel}","templated":true}]}}