{"id":10168,"date":"2023-11-30T09:48:01","date_gmt":"2023-11-30T14:48:01","guid":{"rendered":"https:\/\/elmercuriomanta.ec\/?p=10168"},"modified":"2023-11-30T09:48:04","modified_gmt":"2023-11-30T14:48:04","slug":"copa-airlines-operara-la-ruta-manta-panama-con-4-frecuencias-semanales","status":"publish","type":"post","link":"https:\/\/elmercuriomanta.ec\/index.php\/2023\/11\/30\/copa-airlines-operara-la-ruta-manta-panama-con-4-frecuencias-semanales\/","title":{"rendered":"Copa Airlines operar\u00e1 la ruta Manta-Panam\u00e1 con 4 frecuencias semanales"},"content":{"rendered":"\n<figure class=\"wp-block-image aligncenter size-full is-resized\"><img fetchpriority=\"high\" decoding=\"async\" width=\"299\" height=\"168\" src=\"https:\/\/elmercuriomanta.ec\/wp-content\/uploads\/2023\/11\/image-409.png\" alt=\"\" class=\"wp-image-10169\" style=\"width:398px;height:auto\"\/><\/figure>\n\n\n\n<p>La aerol\u00ednea Copa Airlines aumentar\u00e1 sus frecuencias a\u00e9reas de la ruta Manta \u2013 Panam\u00e1. As\u00ed lo inform\u00f3 la tarde de este 29 de noviembre el Ministerio de Transporte y Obras P\u00fablicas (MTOP) Seg\u00fan la instituci\u00f3n, el incremento de los vuelos se dar\u00e1 por la alta demanda de usuarios lo que motiv\u00f3 a la aerol\u00ednea a incrementar sus vuelos.<\/p>\n\n\n\n<p>\u00abA partir del 6 de marzo de 2024, Copa Airlines operar\u00e1 la ruta con 4 frecuencias semanales\u00bb, detalla la fuente. Reacciones Tras conocerse el incremento de los vuelos, el ministro de Turismo, Niels Olsen escribi\u00f3 en sus redes sociales: \u00ab\u00a1Felicidades Manab\u00ed! Copa Airlines aumenta sus frecuencias entre Panam\u00e1 y Manta volviendo al destino en uno m\u00e1s atractivo para los turistas.<\/p>\n\n\n\n<p>&nbsp;Seguiremos trabajando en la competitividad y promoci\u00f3n de la provincia de Manab\u00ed para que m\u00e1s turistas se enamoren de sus playas, gastronom\u00eda y, por su puesto, su gente\u00bb. Dato 11.500 pasajeros fueron transportados en la ruta Manta- Panam\u00e1 desde junio hasta octubre del presente a\u00f1o, con una ocupaci\u00f3n superior al 87 por ciento.<\/p>\n","protected":false},"excerpt":{"rendered":"<p>La aerol\u00ednea Copa Airlines aumentar\u00e1 sus frecuencias a\u00e9reas de la ruta Manta \u2013 Panam\u00e1. As\u00ed lo inform\u00f3 la tarde de este 29 de noviembre el Ministerio de Transporte y Obras P\u00fablicas (MTOP) Seg\u00fan la instituci\u00f3n, el incremento de los vuelos se dar\u00e1 por la alta demanda de usuarios lo que motiv\u00f3 a la aerol\u00ednea a [&hellip;]<\/p>\n","protected":false},"author":1,"featured_media":10169,"comment_status":"open","ping_status":"open","sticky":false,"template":"","format":"standard","meta":{"footnotes":""},"categories":[83],"tags":[38],"class_list":["post-10168","post","type-post","status-publish","format-standard","has-post-thumbnail","hentry","category-sucesos","tag-manta"],"_links":{"self":[{"href":"https:\/\/elmercuriomanta.ec\/index.php\/wp-json\/wp\/v2\/posts\/10168","targetHints":{"allow":["GET"]}}],"collection":[{"href":"https:\/\/elmercuriomanta.ec\/index.php\/wp-json\/wp\/v2\/posts"}],"about":[{"href":"https:\/\/elmercuriomanta.ec\/index.php\/wp-json\/wp\/v2\/types\/post"}],"author":[{"embeddable":true,"href":"https:\/\/elmercuriomanta.ec\/index.php\/wp-json\/wp\/v2\/users\/1"}],"replies":[{"embeddable":true,"href":"https:\/\/elmercuriomanta.ec\/index.php\/wp-json\/wp\/v2\/comments?post=10168"}],"version-history":[{"count":1,"href":"https:\/\/elmercuriomanta.ec\/index.php\/wp-json\/wp\/v2\/posts\/10168\/revisions"}],"predecessor-version":[{"id":10170,"href":"https:\/\/elmercuriomanta.ec\/index.php\/wp-json\/wp\/v2\/posts\/10168\/revisions\/10170"}],"wp:featuredmedia":[{"embeddable":true,"href":"https:\/\/elmercuriomanta.ec\/index.php\/wp-json\/wp\/v2\/media\/10169"}],"wp:attachment":[{"href":"https:\/\/elmercuriomanta.ec\/index.php\/wp-json\/wp\/v2\/media?parent=10168"}],"wp:term":[{"taxonomy":"category","embeddable":true,"href":"https:\/\/elmercuriomanta.ec\/index.php\/wp-json\/wp\/v2\/categories?post=10168"},{"taxonomy":"post_tag","embeddable":true,"href":"https:\/\/elmercuriomanta.ec\/index.php\/wp-json\/wp\/v2\/tags?post=10168"}],"curies":[{"name":"wp","href":"https:\/\/api.w.org\/{rel}","templated":true}]}}